{"id":10275,"date":"2020-06-15T14:40:51","date_gmt":"2020-06-15T12:40:51","guid":{"rendered":"https:\/\/expressionumea.se\/?p=10275"},"modified":"2020-08-28T09:40:25","modified_gmt":"2020-08-28T07:40:25","slug":"stina-urberg-jewellery-artist-and-entrepreneur-current-with-new-hallbar-jewellery-collection-and-web-launch","status":"publish","type":"post","link":"https:\/\/expressionumea.se\/en\/stina-urberg-smyckeskonstnar-och-entreprenor-aktuell-med-ny-hallbar-smyckeskollektion-och-lansering-av-webb\/","title":{"rendered":"STINA URBERG - JEWELLERY ARTIST AND ENTREPRENEUR - CURRENT WITH NEW SUSTAINABLE JEWELLERY COLLECTION AND LAUNCH OF WEB"},"content":{"rendered":"<p><strong>She designs jewellery from recycled materials, lets life experiences shape her business and sees collaboration as a key component of sustainable business development. Jewellery artist and creator Stina Urberg offers the market climate-smart jewellery art that is skin-friendly and personal with a large dose of caring. <\/strong><\/p>\n\n\n\n<blockquote class=\"wp-block-quote is-layout-flow wp-block-quote-is-layout-flow\"><p>It feels good to be able to choose to work sustainably by running my own business.In addition to the environmental aspect, I prioritise sustainability when it comes to partners, relationships and the workplace environment; it is something that has a natural place within the entire company,\" says Stina.<\/p><\/blockquote>\n\n\n\n<p>There are two main branches of Urberg Designs jewellery. One is festive, wedding and celebratory jewellery, ranging from majestic bridal crowns and corsages to christening jewellery. The other branch is collections of earrings, necklaces, rings and more. Both branches also accommodate statement pieces, one of a kind and multi-functional jewellery.<\/p>\n\n\n\n<p>Covid19, like many others, has meant a transition for Stina and her company. She has had to rethink and change her focus, which in turn has led to a positive development of her business.<\/p>\n\n\n\n<blockquote class=\"wp-block-quote is-layout-flow wp-block-quote-is-layout-flow\"><p>I have focused on \"laying brick by brick\" in building the company, things that over the years have not had their genesis when Urberg Design was my pseudonym, my passion but on a hobby level. Tells <strong>Stina<\/strong>. For example, just the other day the web shop was launched that has been in the making for years. It was actually quite emotional when it was there for public viewing. In conjunction with the launch, I also released a brand new collection, \"Miara\".<\/p><\/blockquote>\n\n\n\n<p>Link to the new website: <a href=\"https:\/\/www.urbergdesign.se\/\">https:\/\/www.urbergdesign.se\/<\/a><\/p>\n\n\n\n<blockquote class=\"wp-block-quote is-layout-flow wp-block-quote-is-layout-flow\"><p>I have also developed a new collection concept whereby I release parts of new collections with associated \"complementary releases\" as I go along, an approach that feels new and stimulating to me in many ways. The first collections under this new concept are called \"Dis\" and \"Gry\".<\/p><\/blockquote>\n\n\n\n<p>Although recycling generates many positive ripples, both for society at large and on an individual level, there are a few things to keep in mind, says Stina. For example, not all materials are suitable for reuse.<\/p>\n\n\n\n<blockquote class=\"wp-block-quote is-layout-flow wp-block-quote-is-layout-flow\"><p>It is important to know what should not or should not be recycled, it can be downright harmful, of course environmentally but not least for the health, both for me as a creator and for the wearer of the jewellery. This is something that I pay a lot of attention to during the selection process.<\/p><\/blockquote>\n\n\n\n<h5 class=\"wp-block-heading\">Stina's tips for those thinking of starting a sustainable business:<\/h5>\n\n\n\n<ul class=\"wp-block-list\"><li>Don't let the Jantelagen be the reason you don't start your business, instead make room for thoughts that do you good.<\/li><li>Dare to talk to people you trust, tell them about your plans, get their opinions and advice, then find out what feels right and proper.<\/li><li>And never forget to \"dare to ask\", what's the worst that can happen? A no, a closed door, some sour comment - it shouldn't stand in the way of you giving your dream a try.<\/li><li>Listen to your gut, but don't confuse it with any grumbling from those who may be standing outside and want to bring you down.<\/li><\/ul>\n\n\n\n<p><em>Stina Urberg develops her company at eXpression Ume\u00e5 on the artistic campus.<\/em><\/p>\n\n\n\n<h5 class=\"wp-block-heading\">Contact:<\/h5>\n\n\n\n<p>Stina Urberg<br>Mail: <a href=\"mailto:kontakt@urbergdesign.com\">kontakt@urbergdesign.com<\/a><br>Telephone: 070-206 55 89<br>Instagram\/Facebook: @urbergdesign<\/p>","protected":false},"excerpt":{"rendered":"<p>Hon designar smycken av \u00e5terbruk, l\u00e5ter livets erfarenheter forma hennes f\u00f6retagande och ser samarbeten som en nyckelkomponent f\u00f6r en h\u00e5llbar f\u00f6retagsutveckling. Smyckeskonstn\u00e4ren och kreat\u00f6ren Stina Urberg erbjuder marknaden klimatsmart smyckeskonst som \u00e4r hudv\u00e4nlig och personlig med stor dos av omtanke. Det k\u00e4nns fint att genom att driva egen verksamhet kunna v\u00e4lja att jobba h\u00e5llbart, ut\u00f6ver [&hellip;]<\/p>\n","protected":false},"author":3,"featured_media":10276,"comment_status":"open","ping_status":"open","sticky":false,"template":"","format":"standard","meta":{"footnotes":""},"categories":[659],"tags":[490],"eu-finansiering":[],"artikeltyp":[626,628],"class_list":["post-10275","post","type-post","status-publish","format-standard","has-post-thumbnail","hentry","category-design","tag-urberg-design","search-category-artikel","artikeltyp-long-read","artikeltyp-nyheter"],"yoast_head":"<!-- This site is optimized with the Yoast SEO plugin v27.2 - https:\/\/yoast.com\/product\/yoast-seo-wordpress\/ -->\n<title>STINA URBERG \u2013 SMYCKESKONSTN\u00c4R OCH ENTREPREN\u00d6R \u2013 AKTUELL MED NY H\u00c5LLBAR SMYCKESKOLLEKTION OCH LANSERING AV WEBB - eXpression Ume\u00e5<\/title>\n<meta name=\"robots\" content=\"index, follow, max-snippet:-1, max-image-preview:large, max-video-preview:-1\" \/>\n<link rel=\"canonical\" href=\"https:\/\/expressionumea.se\/en\/stina-urberg-jewellery-artist-and-entrepreneur-current-with-new-hallbar-jewellery-collection-and-web-launch\/\" \/>\n<meta property=\"og:locale\" content=\"en_GB\" \/>\n<meta property=\"og:type\" content=\"article\" \/>\n<meta property=\"og:title\" content=\"STINA URBERG \u2013 SMYCKESKONSTN\u00c4R OCH ENTREPREN\u00d6R \u2013 AKTUELL MED NY H\u00c5LLBAR SMYCKESKOLLEKTION OCH LANSERING AV WEBB - eXpression Ume\u00e5\" \/>\n<meta property=\"og:description\" content=\"Hon designar smycken av \u00e5terbruk, l\u00e5ter livets erfarenheter forma hennes f\u00f6retagande och ser samarbeten som en nyckelkomponent f\u00f6r en h\u00e5llbar f\u00f6retagsutveckling. Smyckeskonstn\u00e4ren och kreat\u00f6ren Stina Urberg erbjuder marknaden klimatsmart smyckeskonst som \u00e4r hudv\u00e4nlig och personlig med stor dos av omtanke. Det k\u00e4nns fint att genom att driva egen verksamhet kunna v\u00e4lja att jobba h\u00e5llbart, ut\u00f6ver [&hellip;]\" \/>\n<meta property=\"og:url\" content=\"https:\/\/expressionumea.se\/en\/stina-urberg-jewellery-artist-and-entrepreneur-current-with-new-hallbar-jewellery-collection-and-web-launch\/\" \/>\n<meta property=\"og:site_name\" content=\"eXpression Ume\u00e5\" \/>\n<meta property=\"article:published_time\" content=\"2020-06-15T12:40:51+00:00\" \/>\n<meta property=\"article:modified_time\" content=\"2020-08-28T07:40:25+00:00\" \/>\n<meta property=\"og:image\" content=\"https:\/\/expressionumea.se\/wp-content\/uploads\/2020\/06\/200526-stina-urberg.jpg\" \/>\n\t<meta property=\"og:image:width\" content=\"1920\" \/>\n\t<meta property=\"og:image:height\" content=\"1080\" \/>\n\t<meta property=\"og:image:type\" content=\"image\/jpeg\" \/>\n<meta name=\"author\" content=\"Amanda Westin\" \/>\n<meta name=\"twitter:card\" content=\"summary_large_image\" \/>\n<meta name=\"twitter:label1\" content=\"Written by\" \/>\n\t<meta name=\"twitter:data1\" content=\"Amanda Westin\" \/>\n\t<meta name=\"twitter:label2\" content=\"Estimated reading time\" \/>\n\t<meta name=\"twitter:data2\" content=\"3 minutes\" \/>\n<script type=\"application\/ld+json\" class=\"yoast-schema-graph\">{\"@context\":\"https:\/\/schema.org\",\"@graph\":[{\"@type\":\"Article\",\"@id\":\"https:\/\/expressionumea.se\/stina-urberg-smyckeskonstnar-och-entreprenor-aktuell-med-ny-hallbar-smyckeskollektion-och-lansering-av-webb\/#article\",\"isPartOf\":{\"@id\":\"https:\/\/expressionumea.se\/stina-urberg-smyckeskonstnar-och-entreprenor-aktuell-med-ny-hallbar-smyckeskollektion-och-lansering-av-webb\/\"},\"author\":{\"name\":\"Amanda Westin\",\"@id\":\"https:\/\/expressionumea.se\/#\/schema\/person\/447f387dc1a31eefe29aad36b6535a5e\"},\"headline\":\"STINA URBERG \u2013 SMYCKESKONSTN\u00c4R OCH ENTREPREN\u00d6R \u2013 AKTUELL MED NY H\u00c5LLBAR SMYCKESKOLLEKTION OCH LANSERING AV WEBB\",\"datePublished\":\"2020-06-15T12:40:51+00:00\",\"dateModified\":\"2020-08-28T07:40:25+00:00\",\"mainEntityOfPage\":{\"@id\":\"https:\/\/expressionumea.se\/stina-urberg-smyckeskonstnar-och-entreprenor-aktuell-med-ny-hallbar-smyckeskollektion-och-lansering-av-webb\/\"},\"wordCount\":654,\"commentCount\":0,\"publisher\":{\"@id\":\"https:\/\/expressionumea.se\/#organization\"},\"image\":{\"@id\":\"https:\/\/expressionumea.se\/stina-urberg-smyckeskonstnar-och-entreprenor-aktuell-med-ny-hallbar-smyckeskollektion-och-lansering-av-webb\/#primaryimage\"},\"thumbnailUrl\":\"https:\/\/expressionumea.se\/wp-content\/uploads\/2020\/06\/200526-stina-urberg.jpg\",\"keywords\":[\"Urberg Design\"],\"articleSection\":[\"Design\"],\"inLanguage\":\"en-GB\",\"potentialAction\":[{\"@type\":\"CommentAction\",\"name\":\"Comment\",\"target\":[\"https:\/\/expressionumea.se\/stina-urberg-smyckeskonstnar-och-entreprenor-aktuell-med-ny-hallbar-smyckeskollektion-och-lansering-av-webb\/#respond\"]}]},{\"@type\":\"WebPage\",\"@id\":\"https:\/\/expressionumea.se\/stina-urberg-smyckeskonstnar-och-entreprenor-aktuell-med-ny-hallbar-smyckeskollektion-och-lansering-av-webb\/\",\"url\":\"https:\/\/expressionumea.se\/stina-urberg-smyckeskonstnar-och-entreprenor-aktuell-med-ny-hallbar-smyckeskollektion-och-lansering-av-webb\/\",\"name\":\"STINA URBERG \u2013 SMYCKESKONSTN\u00c4R OCH ENTREPREN\u00d6R \u2013 AKTUELL MED NY H\u00c5LLBAR SMYCKESKOLLEKTION OCH LANSERING AV WEBB - eXpression Ume\u00e5\",\"isPartOf\":{\"@id\":\"https:\/\/expressionumea.se\/#website\"},\"primaryImageOfPage\":{\"@id\":\"https:\/\/expressionumea.se\/stina-urberg-smyckeskonstnar-och-entreprenor-aktuell-med-ny-hallbar-smyckeskollektion-och-lansering-av-webb\/#primaryimage\"},\"image\":{\"@id\":\"https:\/\/expressionumea.se\/stina-urberg-smyckeskonstnar-och-entreprenor-aktuell-med-ny-hallbar-smyckeskollektion-och-lansering-av-webb\/#primaryimage\"},\"thumbnailUrl\":\"https:\/\/expressionumea.se\/wp-content\/uploads\/2020\/06\/200526-stina-urberg.jpg\",\"datePublished\":\"2020-06-15T12:40:51+00:00\",\"dateModified\":\"2020-08-28T07:40:25+00:00\",\"breadcrumb\":{\"@id\":\"https:\/\/expressionumea.se\/stina-urberg-smyckeskonstnar-och-entreprenor-aktuell-med-ny-hallbar-smyckeskollektion-och-lansering-av-webb\/#breadcrumb\"},\"inLanguage\":\"en-GB\",\"potentialAction\":[{\"@type\":\"ReadAction\",\"target\":[\"https:\/\/expressionumea.se\/stina-urberg-smyckeskonstnar-och-entreprenor-aktuell-med-ny-hallbar-smyckeskollektion-och-lansering-av-webb\/\"]}]},{\"@type\":\"ImageObject\",\"inLanguage\":\"en-GB\",\"@id\":\"https:\/\/expressionumea.se\/stina-urberg-smyckeskonstnar-och-entreprenor-aktuell-med-ny-hallbar-smyckeskollektion-och-lansering-av-webb\/#primaryimage\",\"url\":\"https:\/\/expressionumea.se\/wp-content\/uploads\/2020\/06\/200526-stina-urberg.jpg\",\"contentUrl\":\"https:\/\/expressionumea.se\/wp-content\/uploads\/2020\/06\/200526-stina-urberg.jpg\",\"width\":1920,\"height\":1080,\"caption\":\"Fotograf: Lena Lee\"},{\"@type\":\"BreadcrumbList\",\"@id\":\"https:\/\/expressionumea.se\/stina-urberg-smyckeskonstnar-och-entreprenor-aktuell-med-ny-hallbar-smyckeskollektion-och-lansering-av-webb\/#breadcrumb\",\"itemListElement\":[{\"@type\":\"ListItem\",\"position\":1,\"name\":\"Hem\",\"item\":\"https:\/\/expressionumea.se\/\"},{\"@type\":\"ListItem\",\"position\":2,\"name\":\"STINA URBERG \u2013 SMYCKESKONSTN\u00c4R OCH ENTREPREN\u00d6R \u2013 AKTUELL MED NY H\u00c5LLBAR SMYCKESKOLLEKTION OCH LANSERING AV WEBB\"}]},{\"@type\":\"WebSite\",\"@id\":\"https:\/\/expressionumea.se\/#website\",\"url\":\"https:\/\/expressionumea.se\/\",\"name\":\"eXpression Ume\u00e5\",\"description\":\"Creative minds unite\",\"publisher\":{\"@id\":\"https:\/\/expressionumea.se\/#organization\"},\"potentialAction\":[{\"@type\":\"SearchAction\",\"target\":{\"@type\":\"EntryPoint\",\"urlTemplate\":\"https:\/\/expressionumea.se\/?s={search_term_string}\"},\"query-input\":{\"@type\":\"PropertyValueSpecification\",\"valueRequired\":true,\"valueName\":\"search_term_string\"}}],\"inLanguage\":\"en-GB\"},{\"@type\":\"Organization\",\"@id\":\"https:\/\/expressionumea.se\/#organization\",\"name\":\"eXpression Ume\u00e5\",\"url\":\"https:\/\/expressionumea.se\/\",\"logo\":{\"@type\":\"ImageObject\",\"inLanguage\":\"en-GB\",\"@id\":\"https:\/\/expressionumea.se\/#\/schema\/logo\/image\/\",\"url\":\"https:\/\/expressionumea.se\/wp-content\/uploads\/2020\/06\/expression-ume-logotyp.png\",\"contentUrl\":\"https:\/\/expressionumea.se\/wp-content\/uploads\/2020\/06\/expression-ume-logotyp.png\",\"width\":375,\"height\":98,\"caption\":\"eXpression Ume\u00e5\"},\"image\":{\"@id\":\"https:\/\/expressionumea.se\/#\/schema\/logo\/image\/\"}},{\"@type\":\"Person\",\"@id\":\"https:\/\/expressionumea.se\/#\/schema\/person\/447f387dc1a31eefe29aad36b6535a5e\",\"name\":\"Amanda Westin\",\"image\":{\"@type\":\"ImageObject\",\"inLanguage\":\"en-GB\",\"@id\":\"https:\/\/secure.gravatar.com\/avatar\/37af2a7bf20d1aaaac0375ce58cb2263291586e86ef5592e05485e613e095908?s=96&d=mm&r=g\",\"url\":\"https:\/\/secure.gravatar.com\/avatar\/37af2a7bf20d1aaaac0375ce58cb2263291586e86ef5592e05485e613e095908?s=96&d=mm&r=g\",\"contentUrl\":\"https:\/\/secure.gravatar.com\/avatar\/37af2a7bf20d1aaaac0375ce58cb2263291586e86ef5592e05485e613e095908?s=96&d=mm&r=g\",\"caption\":\"Amanda Westin\"},\"url\":\"https:\/\/expressionumea.se\/en\/author\/amanda-westin\/\"}]}<\/script>\n<!-- \/ Yoast SEO plugin. -->","yoast_head_json":{"title":"STINA URBERG - BEAUTY ARTIST AND ENTREPRENEUR - UP TO DATE WITH NEW HIGH-SPEED BEAUTY COLLECTION AND LANSERING OF WEBB - eXpression Ume\u00e5","robots":{"index":"index","follow":"follow","max-snippet":"max-snippet:-1","max-image-preview":"max-image-preview:large","max-video-preview":"max-video-preview:-1"},"canonical":"https:\/\/expressionumea.se\/en\/stina-urberg-jewellery-artist-and-entrepreneur-current-with-new-hallbar-jewellery-collection-and-web-launch\/","og_locale":"en_GB","og_type":"article","og_title":"STINA URBERG \u2013 SMYCKESKONSTN\u00c4R OCH ENTREPREN\u00d6R \u2013 AKTUELL MED NY H\u00c5LLBAR SMYCKESKOLLEKTION OCH LANSERING AV WEBB - eXpression Ume\u00e5","og_description":"Hon designar smycken av \u00e5terbruk, l\u00e5ter livets erfarenheter forma hennes f\u00f6retagande och ser samarbeten som en nyckelkomponent f\u00f6r en h\u00e5llbar f\u00f6retagsutveckling. Smyckeskonstn\u00e4ren och kreat\u00f6ren Stina Urberg erbjuder marknaden klimatsmart smyckeskonst som \u00e4r hudv\u00e4nlig och personlig med stor dos av omtanke. Det k\u00e4nns fint att genom att driva egen verksamhet kunna v\u00e4lja att jobba h\u00e5llbart, ut\u00f6ver [&hellip;]","og_url":"https:\/\/expressionumea.se\/en\/stina-urberg-jewellery-artist-and-entrepreneur-current-with-new-hallbar-jewellery-collection-and-web-launch\/","og_site_name":"eXpression Ume\u00e5","article_published_time":"2020-06-15T12:40:51+00:00","article_modified_time":"2020-08-28T07:40:25+00:00","og_image":[{"width":1920,"height":1080,"url":"https:\/\/expressionumea.se\/wp-content\/uploads\/2020\/06\/200526-stina-urberg.jpg","type":"image\/jpeg"}],"author":"Amanda Westin","twitter_card":"summary_large_image","twitter_misc":{"Written by":"Amanda Westin","Estimated reading time":"3 minutes"},"schema":{"@context":"https:\/\/schema.org","@graph":[{"@type":"Article","@id":"https:\/\/expressionumea.se\/stina-urberg-smyckeskonstnar-och-entreprenor-aktuell-med-ny-hallbar-smyckeskollektion-och-lansering-av-webb\/#article","isPartOf":{"@id":"https:\/\/expressionumea.se\/stina-urberg-smyckeskonstnar-och-entreprenor-aktuell-med-ny-hallbar-smyckeskollektion-och-lansering-av-webb\/"},"author":{"name":"Amanda Westin","@id":"https:\/\/expressionumea.se\/#\/schema\/person\/447f387dc1a31eefe29aad36b6535a5e"},"headline":"STINA URBERG \u2013 SMYCKESKONSTN\u00c4R OCH ENTREPREN\u00d6R \u2013 AKTUELL MED NY H\u00c5LLBAR SMYCKESKOLLEKTION OCH LANSERING AV WEBB","datePublished":"2020-06-15T12:40:51+00:00","dateModified":"2020-08-28T07:40:25+00:00","mainEntityOfPage":{"@id":"https:\/\/expressionumea.se\/stina-urberg-smyckeskonstnar-och-entreprenor-aktuell-med-ny-hallbar-smyckeskollektion-och-lansering-av-webb\/"},"wordCount":654,"commentCount":0,"publisher":{"@id":"https:\/\/expressionumea.se\/#organization"},"image":{"@id":"https:\/\/expressionumea.se\/stina-urberg-smyckeskonstnar-och-entreprenor-aktuell-med-ny-hallbar-smyckeskollektion-och-lansering-av-webb\/#primaryimage"},"thumbnailUrl":"https:\/\/expressionumea.se\/wp-content\/uploads\/2020\/06\/200526-stina-urberg.jpg","keywords":["Urberg Design"],"articleSection":["Design"],"inLanguage":"en-GB","potentialAction":[{"@type":"CommentAction","name":"Comment","target":["https:\/\/expressionumea.se\/stina-urberg-smyckeskonstnar-och-entreprenor-aktuell-med-ny-hallbar-smyckeskollektion-och-lansering-av-webb\/#respond"]}]},{"@type":"WebPage","@id":"https:\/\/expressionumea.se\/stina-urberg-smyckeskonstnar-och-entreprenor-aktuell-med-ny-hallbar-smyckeskollektion-och-lansering-av-webb\/","url":"https:\/\/expressionumea.se\/stina-urberg-smyckeskonstnar-och-entreprenor-aktuell-med-ny-hallbar-smyckeskollektion-och-lansering-av-webb\/","name":"STINA URBERG - BEAUTY ARTIST AND ENTREPRENEUR - UP TO DATE WITH NEW HIGH-SPEED BEAUTY COLLECTION AND LANSERING OF WEBB - eXpression Ume\u00e5","isPartOf":{"@id":"https:\/\/expressionumea.se\/#website"},"primaryImageOfPage":{"@id":"https:\/\/expressionumea.se\/stina-urberg-smyckeskonstnar-och-entreprenor-aktuell-med-ny-hallbar-smyckeskollektion-och-lansering-av-webb\/#primaryimage"},"image":{"@id":"https:\/\/expressionumea.se\/stina-urberg-smyckeskonstnar-och-entreprenor-aktuell-med-ny-hallbar-smyckeskollektion-och-lansering-av-webb\/#primaryimage"},"thumbnailUrl":"https:\/\/expressionumea.se\/wp-content\/uploads\/2020\/06\/200526-stina-urberg.jpg","datePublished":"2020-06-15T12:40:51+00:00","dateModified":"2020-08-28T07:40:25+00:00","breadcrumb":{"@id":"https:\/\/expressionumea.se\/stina-urberg-smyckeskonstnar-och-entreprenor-aktuell-med-ny-hallbar-smyckeskollektion-och-lansering-av-webb\/#breadcrumb"},"inLanguage":"en-GB","potentialAction":[{"@type":"ReadAction","target":["https:\/\/expressionumea.se\/stina-urberg-smyckeskonstnar-och-entreprenor-aktuell-med-ny-hallbar-smyckeskollektion-och-lansering-av-webb\/"]}]},{"@type":"ImageObject","inLanguage":"en-GB","@id":"https:\/\/expressionumea.se\/stina-urberg-smyckeskonstnar-och-entreprenor-aktuell-med-ny-hallbar-smyckeskollektion-och-lansering-av-webb\/#primaryimage","url":"https:\/\/expressionumea.se\/wp-content\/uploads\/2020\/06\/200526-stina-urberg.jpg","contentUrl":"https:\/\/expressionumea.se\/wp-content\/uploads\/2020\/06\/200526-stina-urberg.jpg","width":1920,"height":1080,"caption":"Fotograf: Lena Lee"},{"@type":"BreadcrumbList","@id":"https:\/\/expressionumea.se\/stina-urberg-smyckeskonstnar-och-entreprenor-aktuell-med-ny-hallbar-smyckeskollektion-och-lansering-av-webb\/#breadcrumb","itemListElement":[{"@type":"ListItem","position":1,"name":"Hem","item":"https:\/\/expressionumea.se\/"},{"@type":"ListItem","position":2,"name":"STINA URBERG \u2013 SMYCKESKONSTN\u00c4R OCH ENTREPREN\u00d6R \u2013 AKTUELL MED NY H\u00c5LLBAR SMYCKESKOLLEKTION OCH LANSERING AV WEBB"}]},{"@type":"WebSite","@id":"https:\/\/expressionumea.se\/#website","url":"https:\/\/expressionumea.se\/","name":"eXpression Ume\u00e5","description":"Creative minds unite","publisher":{"@id":"https:\/\/expressionumea.se\/#organization"},"potentialAction":[{"@type":"SearchAction","target":{"@type":"EntryPoint","urlTemplate":"https:\/\/expressionumea.se\/?s={search_term_string}"},"query-input":{"@type":"PropertyValueSpecification","valueRequired":true,"valueName":"search_term_string"}}],"inLanguage":"en-GB"},{"@type":"Organization","@id":"https:\/\/expressionumea.se\/#organization","name":"eXpression Ume\u00e5","url":"https:\/\/expressionumea.se\/","logo":{"@type":"ImageObject","inLanguage":"en-GB","@id":"https:\/\/expressionumea.se\/#\/schema\/logo\/image\/","url":"https:\/\/expressionumea.se\/wp-content\/uploads\/2020\/06\/expression-ume-logotyp.png","contentUrl":"https:\/\/expressionumea.se\/wp-content\/uploads\/2020\/06\/expression-ume-logotyp.png","width":375,"height":98,"caption":"eXpression Ume\u00e5"},"image":{"@id":"https:\/\/expressionumea.se\/#\/schema\/logo\/image\/"}},{"@type":"Person","@id":"https:\/\/expressionumea.se\/#\/schema\/person\/447f387dc1a31eefe29aad36b6535a5e","name":"Amanda Westin","image":{"@type":"ImageObject","inLanguage":"en-GB","@id":"https:\/\/secure.gravatar.com\/avatar\/37af2a7bf20d1aaaac0375ce58cb2263291586e86ef5592e05485e613e095908?s=96&d=mm&r=g","url":"https:\/\/secure.gravatar.com\/avatar\/37af2a7bf20d1aaaac0375ce58cb2263291586e86ef5592e05485e613e095908?s=96&d=mm&r=g","contentUrl":"https:\/\/secure.gravatar.com\/avatar\/37af2a7bf20d1aaaac0375ce58cb2263291586e86ef5592e05485e613e095908?s=96&d=mm&r=g","caption":"Amanda Westin"},"url":"https:\/\/expressionumea.se\/en\/author\/amanda-westin\/"}]}},"_links":{"self":[{"href":"https:\/\/expressionumea.se\/en\/wp-json\/wp\/v2\/posts\/10275","targetHints":{"allow":["GET"]}}],"collection":[{"href":"https:\/\/expressionumea.se\/en\/wp-json\/wp\/v2\/posts"}],"about":[{"href":"https:\/\/expressionumea.se\/en\/wp-json\/wp\/v2\/types\/post"}],"author":[{"embeddable":true,"href":"https:\/\/expressionumea.se\/en\/wp-json\/wp\/v2\/users\/3"}],"replies":[{"embeddable":true,"href":"https:\/\/expressionumea.se\/en\/wp-json\/wp\/v2\/comments?post=10275"}],"version-history":[{"count":2,"href":"https:\/\/expressionumea.se\/en\/wp-json\/wp\/v2\/posts\/10275\/revisions"}],"predecessor-version":[{"id":11197,"href":"https:\/\/expressionumea.se\/en\/wp-json\/wp\/v2\/posts\/10275\/revisions\/11197"}],"wp:featuredmedia":[{"embeddable":true,"href":"https:\/\/expressionumea.se\/en\/wp-json\/wp\/v2\/media\/10276"}],"wp:attachment":[{"href":"https:\/\/expressionumea.se\/en\/wp-json\/wp\/v2\/media?parent=10275"}],"wp:term":[{"taxonomy":"category","embeddable":true,"href":"https:\/\/expressionumea.se\/en\/wp-json\/wp\/v2\/categories?post=10275"},{"taxonomy":"post_tag","embeddable":true,"href":"https:\/\/expressionumea.se\/en\/wp-json\/wp\/v2\/tags?post=10275"},{"taxonomy":"eu-finansiering","embeddable":true,"href":"https:\/\/expressionumea.se\/en\/wp-json\/wp\/v2\/eu-finansiering?post=10275"},{"taxonomy":"artikeltyp","embeddable":true,"href":"https:\/\/expressionumea.se\/en\/wp-json\/wp\/v2\/artikeltyp?post=10275"}],"curies":[{"name":"wp","href":"https:\/\/api.w.org\/{rel}","templated":true}]}}