{"id":10406,"date":"2020-08-25T10:56:55","date_gmt":"2020-08-25T08:56:55","guid":{"rendered":"https:\/\/expressionumea.se\/?p=10406"},"modified":"2020-08-31T11:58:17","modified_gmt":"2020-08-31T09:58:17","slug":"expression-umea-bets-big-on-design-week-2020-2","status":"publish","type":"post","link":"https:\/\/expressionumea.se\/en\/expression-umea-satsar-stort-under-designveckan-2020\/","title":{"rendered":"eXpression Ume\u00e5 invests heavily during Design Week 2020"},"content":{"rendered":"<p><strong>Sweden's artistic, cultural and creative industries are\na large share of the country's innovative power and play a crucial\nrole in shaping the sustainable development of the future - and Ume\u00e5's creators\n are at the forefront. During Design Week, eXpression Ume\u00e5 will be taking place with a\na series of initiatives to highlight the strong local network of\ncreative entrepreneurs and at the same time takes the opportunity to celebrate six years as\nincubator.  <\/strong><\/p>\n\n\n\n<p>- Ume\u00e5 is today a hub for the cultural\nand creative industries, and we are very proud to take our place\n this week together with creators from eXpression, with leading\ndesigners, architects, artists, musicians, filmmakers and fashion designers as\nbuilding strong ecosystems of collaboration to grow nationally and\ninternationally,\" said <strong>Marlene Johansson<\/strong>, CEO of eXpression Ume\u00e5.<\/p>\n\n\n\n<p>Design Week\n which this year takes place between 31 August and 4 September, is organised in cooperation\nwith the network Design by Ume\u00e5 which consists of Ume\u00e5 municipality, Ume\u00e5 School of Design,\n School of Architecture, School of Fine Arts, Bildmuseet, Artic Design of Sweden,\nRISE and eXpression Ume\u00e5. The aim of the collaboration is to promote and\nthe region's creative innovation and co-creation,\nworld-improvement, passion and progressiveness are natural\ningredients.<\/p>\n\n\n\n<p>As one of Sweden's leading incubators for the\nthe artistic, cultural and creative industries, eXpression Ume\u00e5 wants to take\n the opportunity during Design Week to both celebrate and acknowledge creators\n who are constantly breaking new ground, challenging current business models and, as\nand who, thanks to their strong networks, have managed to resist when times get tough.<\/p>\n\n\n\n<p>-\n We all face complex challenges today, not least because of the\n the ongoing pandemic. However, many companies in the creative industries have\nresilience in the past because they have built their businesses\nthrough strong ecosystems and collaboration. \"The 'do it yourself' culture in\ncombined with the co-creation of new innovative business models is the way\nthe way forward, and we want to demonstrate this together,\" says <strong>Marlene Johansson<\/strong>.<\/p>\n\n\n\n<p>eXpression Ume\u00e5 also takes the opportunity to celebrate six years as an incubator, which will be celebrated on Tuesday at lunch when CreativeMeetup is arranged - a live digital event with panel discussions, film screenings and music. <\/p>\n\n\n\n<p><strong>\" <a href=\"https:\/\/expressionumea.se\/en\/design-by-umea\/\">SEE EXPRESSION'S ARRANGEMENTS DURING DESIGN WEEK HERE.<\/a><\/strong><\/p>\n\n\n\n<p><strong>Photo: Jonatan St\u00e5lh\u00f6s<\/strong><\/p>","protected":false},"excerpt":{"rendered":"<p>Sveriges konstn\u00e4rliga, kulturella och kreativa n\u00e4ringar st\u00e5r f\u00f6r en stor andel av landets innovationskraft och spelar en avg\u00f6rande roll i formandet av framtidens h\u00e5llbara utveckling \u2013 och Ume\u00e5s kreat\u00f6rer ligger i framkant. Under Designveckan tar eXpression Ume\u00e5 plats med en rad satsningar f\u00f6r att just uppm\u00e4rksamma det starka lokala n\u00e4tverket av kreativa f\u00f6retagare och passar [&hellip;]<\/p>\n","protected":false},"author":6,"featured_media":10407,"comment_status":"open","ping_status":"open","sticky":false,"template":"","format":"standard","meta":{"footnotes":""},"categories":[659],"tags":[],"eu-finansiering":[],"artikeltyp":[628],"class_list":["post-10406","post","type-post","status-publish","format-standard","has-post-thumbnail","hentry","category-design","search-category-artikel","artikeltyp-nyheter"],"yoast_head":"<!-- This site is optimized with the Yoast SEO plugin v27.2 - https:\/\/yoast.com\/product\/yoast-seo-wordpress\/ -->\n<title>eXpression Ume\u00e5 satsar stort under Designveckan 2020 - eXpression Ume\u00e5<\/title>\n<meta name=\"robots\" content=\"index, follow, max-snippet:-1, max-image-preview:large, max-video-preview:-1\" \/>\n<link rel=\"canonical\" href=\"https:\/\/expressionumea.se\/en\/expression-umea-bets-big-on-design-week-2020-2\/\" \/>\n<meta property=\"og:locale\" content=\"en_GB\" \/>\n<meta property=\"og:type\" content=\"article\" \/>\n<meta property=\"og:title\" content=\"eXpression Ume\u00e5 satsar stort under Designveckan 2020 - eXpression Ume\u00e5\" \/>\n<meta property=\"og:description\" content=\"Sveriges konstn\u00e4rliga, kulturella och kreativa n\u00e4ringar st\u00e5r f\u00f6r en stor andel av landets innovationskraft och spelar en avg\u00f6rande roll i formandet av framtidens h\u00e5llbara utveckling \u2013 och Ume\u00e5s kreat\u00f6rer ligger i framkant. Under Designveckan tar eXpression Ume\u00e5 plats med en rad satsningar f\u00f6r att just uppm\u00e4rksamma det starka lokala n\u00e4tverket av kreativa f\u00f6retagare och passar [&hellip;]\" \/>\n<meta property=\"og:url\" content=\"https:\/\/expressionumea.se\/en\/expression-umea-bets-big-on-design-week-2020-2\/\" \/>\n<meta property=\"og:site_name\" content=\"eXpression Ume\u00e5\" \/>\n<meta property=\"article:published_time\" content=\"2020-08-25T08:56:55+00:00\" \/>\n<meta property=\"article:modified_time\" content=\"2020-08-31T09:58:17+00:00\" \/>\n<meta property=\"og:image\" content=\"https:\/\/expressionumea.se\/wp-content\/uploads\/2020\/08\/skarmavbild-2020-08-25-kl.-10.53.50-1024x576.png\" \/>\n\t<meta property=\"og:image:width\" content=\"1024\" \/>\n\t<meta property=\"og:image:height\" content=\"576\" \/>\n\t<meta property=\"og:image:type\" content=\"image\/png\" \/>\n<meta name=\"author\" content=\"Emil H\u00e4gglund\" \/>\n<meta name=\"twitter:card\" content=\"summary_large_image\" \/>\n<meta name=\"twitter:label1\" content=\"Written by\" \/>\n\t<meta name=\"twitter:data1\" content=\"Emil H\u00e4gglund\" \/>\n\t<meta name=\"twitter:label2\" content=\"Estimated reading time\" \/>\n\t<meta name=\"twitter:data2\" content=\"2 minutes\" \/>\n<script type=\"application\/ld+json\" class=\"yoast-schema-graph\">{\"@context\":\"https:\/\/schema.org\",\"@graph\":[{\"@type\":\"Article\",\"@id\":\"https:\/\/expressionumea.se\/expression-umea-satsar-stort-under-designveckan-2020\/#article\",\"isPartOf\":{\"@id\":\"https:\/\/expressionumea.se\/expression-umea-satsar-stort-under-designveckan-2020\/\"},\"author\":{\"name\":\"Emil H\u00e4gglund\",\"@id\":\"https:\/\/expressionumea.se\/#\/schema\/person\/f215c002f05a579f8f2e2fd74038215c\"},\"headline\":\"eXpression Ume\u00e5 satsar stort under Designveckan 2020\",\"datePublished\":\"2020-08-25T08:56:55+00:00\",\"dateModified\":\"2020-08-31T09:58:17+00:00\",\"mainEntityOfPage\":{\"@id\":\"https:\/\/expressionumea.se\/expression-umea-satsar-stort-under-designveckan-2020\/\"},\"wordCount\":388,\"commentCount\":0,\"publisher\":{\"@id\":\"https:\/\/expressionumea.se\/#organization\"},\"image\":{\"@id\":\"https:\/\/expressionumea.se\/expression-umea-satsar-stort-under-designveckan-2020\/#primaryimage\"},\"thumbnailUrl\":\"https:\/\/expressionumea.se\/wp-content\/uploads\/2020\/08\/skarmavbild-2020-08-25-kl.-10.53.50.png\",\"articleSection\":[\"Design\"],\"inLanguage\":\"en-GB\",\"potentialAction\":[{\"@type\":\"CommentAction\",\"name\":\"Comment\",\"target\":[\"https:\/\/expressionumea.se\/expression-umea-satsar-stort-under-designveckan-2020\/#respond\"]}]},{\"@type\":\"WebPage\",\"@id\":\"https:\/\/expressionumea.se\/expression-umea-satsar-stort-under-designveckan-2020\/\",\"url\":\"https:\/\/expressionumea.se\/expression-umea-satsar-stort-under-designveckan-2020\/\",\"name\":\"eXpression Ume\u00e5 satsar stort under Designveckan 2020 - eXpression Ume\u00e5\",\"isPartOf\":{\"@id\":\"https:\/\/expressionumea.se\/#website\"},\"primaryImageOfPage\":{\"@id\":\"https:\/\/expressionumea.se\/expression-umea-satsar-stort-under-designveckan-2020\/#primaryimage\"},\"image\":{\"@id\":\"https:\/\/expressionumea.se\/expression-umea-satsar-stort-under-designveckan-2020\/#primaryimage\"},\"thumbnailUrl\":\"https:\/\/expressionumea.se\/wp-content\/uploads\/2020\/08\/skarmavbild-2020-08-25-kl.-10.53.50.png\",\"datePublished\":\"2020-08-25T08:56:55+00:00\",\"dateModified\":\"2020-08-31T09:58:17+00:00\",\"breadcrumb\":{\"@id\":\"https:\/\/expressionumea.se\/expression-umea-satsar-stort-under-designveckan-2020\/#breadcrumb\"},\"inLanguage\":\"en-GB\",\"potentialAction\":[{\"@type\":\"ReadAction\",\"target\":[\"https:\/\/expressionumea.se\/expression-umea-satsar-stort-under-designveckan-2020\/\"]}]},{\"@type\":\"ImageObject\",\"inLanguage\":\"en-GB\",\"@id\":\"https:\/\/expressionumea.se\/expression-umea-satsar-stort-under-designveckan-2020\/#primaryimage\",\"url\":\"https:\/\/expressionumea.se\/wp-content\/uploads\/2020\/08\/skarmavbild-2020-08-25-kl.-10.53.50.png\",\"contentUrl\":\"https:\/\/expressionumea.se\/wp-content\/uploads\/2020\/08\/skarmavbild-2020-08-25-kl.-10.53.50.png\",\"width\":2560,\"height\":1440},{\"@type\":\"BreadcrumbList\",\"@id\":\"https:\/\/expressionumea.se\/expression-umea-satsar-stort-under-designveckan-2020\/#breadcrumb\",\"itemListElement\":[{\"@type\":\"ListItem\",\"position\":1,\"name\":\"Hem\",\"item\":\"https:\/\/expressionumea.se\/\"},{\"@type\":\"ListItem\",\"position\":2,\"name\":\"eXpression Ume\u00e5 satsar stort under Designveckan 2020\"}]},{\"@type\":\"WebSite\",\"@id\":\"https:\/\/expressionumea.se\/#website\",\"url\":\"https:\/\/expressionumea.se\/\",\"name\":\"eXpression Ume\u00e5\",\"description\":\"Creative minds unite\",\"publisher\":{\"@id\":\"https:\/\/expressionumea.se\/#organization\"},\"potentialAction\":[{\"@type\":\"SearchAction\",\"target\":{\"@type\":\"EntryPoint\",\"urlTemplate\":\"https:\/\/expressionumea.se\/?s={search_term_string}\"},\"query-input\":{\"@type\":\"PropertyValueSpecification\",\"valueRequired\":true,\"valueName\":\"search_term_string\"}}],\"inLanguage\":\"en-GB\"},{\"@type\":\"Organization\",\"@id\":\"https:\/\/expressionumea.se\/#organization\",\"name\":\"eXpression Ume\u00e5\",\"url\":\"https:\/\/expressionumea.se\/\",\"logo\":{\"@type\":\"ImageObject\",\"inLanguage\":\"en-GB\",\"@id\":\"https:\/\/expressionumea.se\/#\/schema\/logo\/image\/\",\"url\":\"https:\/\/expressionumea.se\/wp-content\/uploads\/2020\/06\/expression-ume-logotyp.png\",\"contentUrl\":\"https:\/\/expressionumea.se\/wp-content\/uploads\/2020\/06\/expression-ume-logotyp.png\",\"width\":375,\"height\":98,\"caption\":\"eXpression Ume\u00e5\"},\"image\":{\"@id\":\"https:\/\/expressionumea.se\/#\/schema\/logo\/image\/\"}},{\"@type\":\"Person\",\"@id\":\"https:\/\/expressionumea.se\/#\/schema\/person\/f215c002f05a579f8f2e2fd74038215c\",\"name\":\"Emil H\u00e4gglund\",\"image\":{\"@type\":\"ImageObject\",\"inLanguage\":\"en-GB\",\"@id\":\"https:\/\/secure.gravatar.com\/avatar\/eb6d13e9356b6e176ecf79bc75d391596faef394c3bae44b2c54063cbd221aef?s=96&d=mm&r=g\",\"url\":\"https:\/\/secure.gravatar.com\/avatar\/eb6d13e9356b6e176ecf79bc75d391596faef394c3bae44b2c54063cbd221aef?s=96&d=mm&r=g\",\"contentUrl\":\"https:\/\/secure.gravatar.com\/avatar\/eb6d13e9356b6e176ecf79bc75d391596faef394c3bae44b2c54063cbd221aef?s=96&d=mm&r=g\",\"caption\":\"Emil H\u00e4gglund\"},\"url\":\"https:\/\/expressionumea.se\/en\/author\/emil\/\"}]}<\/script>\n<!-- \/ Yoast SEO plugin. -->","yoast_head_json":{"title":"eXpression Ume\u00e5 invests heavily during Design Week 2020 - eXpression Ume\u00e5","robots":{"index":"index","follow":"follow","max-snippet":"max-snippet:-1","max-image-preview":"max-image-preview:large","max-video-preview":"max-video-preview:-1"},"canonical":"https:\/\/expressionumea.se\/en\/expression-umea-bets-big-on-design-week-2020-2\/","og_locale":"en_GB","og_type":"article","og_title":"eXpression Ume\u00e5 satsar stort under Designveckan 2020 - eXpression Ume\u00e5","og_description":"Sveriges konstn\u00e4rliga, kulturella och kreativa n\u00e4ringar st\u00e5r f\u00f6r en stor andel av landets innovationskraft och spelar en avg\u00f6rande roll i formandet av framtidens h\u00e5llbara utveckling \u2013 och Ume\u00e5s kreat\u00f6rer ligger i framkant. Under Designveckan tar eXpression Ume\u00e5 plats med en rad satsningar f\u00f6r att just uppm\u00e4rksamma det starka lokala n\u00e4tverket av kreativa f\u00f6retagare och passar [&hellip;]","og_url":"https:\/\/expressionumea.se\/en\/expression-umea-bets-big-on-design-week-2020-2\/","og_site_name":"eXpression Ume\u00e5","article_published_time":"2020-08-25T08:56:55+00:00","article_modified_time":"2020-08-31T09:58:17+00:00","og_image":[{"width":1024,"height":576,"url":"https:\/\/expressionumea.se\/wp-content\/uploads\/2020\/08\/skarmavbild-2020-08-25-kl.-10.53.50-1024x576.png","type":"image\/png"}],"author":"Emil H\u00e4gglund","twitter_card":"summary_large_image","twitter_misc":{"Written by":"Emil H\u00e4gglund","Estimated reading time":"2 minutes"},"schema":{"@context":"https:\/\/schema.org","@graph":[{"@type":"Article","@id":"https:\/\/expressionumea.se\/expression-umea-satsar-stort-under-designveckan-2020\/#article","isPartOf":{"@id":"https:\/\/expressionumea.se\/expression-umea-satsar-stort-under-designveckan-2020\/"},"author":{"name":"Emil H\u00e4gglund","@id":"https:\/\/expressionumea.se\/#\/schema\/person\/f215c002f05a579f8f2e2fd74038215c"},"headline":"eXpression Ume\u00e5 satsar stort under Designveckan 2020","datePublished":"2020-08-25T08:56:55+00:00","dateModified":"2020-08-31T09:58:17+00:00","mainEntityOfPage":{"@id":"https:\/\/expressionumea.se\/expression-umea-satsar-stort-under-designveckan-2020\/"},"wordCount":388,"commentCount":0,"publisher":{"@id":"https:\/\/expressionumea.se\/#organization"},"image":{"@id":"https:\/\/expressionumea.se\/expression-umea-satsar-stort-under-designveckan-2020\/#primaryimage"},"thumbnailUrl":"https:\/\/expressionumea.se\/wp-content\/uploads\/2020\/08\/skarmavbild-2020-08-25-kl.-10.53.50.png","articleSection":["Design"],"inLanguage":"en-GB","potentialAction":[{"@type":"CommentAction","name":"Comment","target":["https:\/\/expressionumea.se\/expression-umea-satsar-stort-under-designveckan-2020\/#respond"]}]},{"@type":"WebPage","@id":"https:\/\/expressionumea.se\/expression-umea-satsar-stort-under-designveckan-2020\/","url":"https:\/\/expressionumea.se\/expression-umea-satsar-stort-under-designveckan-2020\/","name":"eXpression Ume\u00e5 invests heavily during Design Week 2020 - eXpression Ume\u00e5","isPartOf":{"@id":"https:\/\/expressionumea.se\/#website"},"primaryImageOfPage":{"@id":"https:\/\/expressionumea.se\/expression-umea-satsar-stort-under-designveckan-2020\/#primaryimage"},"image":{"@id":"https:\/\/expressionumea.se\/expression-umea-satsar-stort-under-designveckan-2020\/#primaryimage"},"thumbnailUrl":"https:\/\/expressionumea.se\/wp-content\/uploads\/2020\/08\/skarmavbild-2020-08-25-kl.-10.53.50.png","datePublished":"2020-08-25T08:56:55+00:00","dateModified":"2020-08-31T09:58:17+00:00","breadcrumb":{"@id":"https:\/\/expressionumea.se\/expression-umea-satsar-stort-under-designveckan-2020\/#breadcrumb"},"inLanguage":"en-GB","potentialAction":[{"@type":"ReadAction","target":["https:\/\/expressionumea.se\/expression-umea-satsar-stort-under-designveckan-2020\/"]}]},{"@type":"ImageObject","inLanguage":"en-GB","@id":"https:\/\/expressionumea.se\/expression-umea-satsar-stort-under-designveckan-2020\/#primaryimage","url":"https:\/\/expressionumea.se\/wp-content\/uploads\/2020\/08\/skarmavbild-2020-08-25-kl.-10.53.50.png","contentUrl":"https:\/\/expressionumea.se\/wp-content\/uploads\/2020\/08\/skarmavbild-2020-08-25-kl.-10.53.50.png","width":2560,"height":1440},{"@type":"BreadcrumbList","@id":"https:\/\/expressionumea.se\/expression-umea-satsar-stort-under-designveckan-2020\/#breadcrumb","itemListElement":[{"@type":"ListItem","position":1,"name":"Hem","item":"https:\/\/expressionumea.se\/"},{"@type":"ListItem","position":2,"name":"eXpression Ume\u00e5 satsar stort under Designveckan 2020"}]},{"@type":"WebSite","@id":"https:\/\/expressionumea.se\/#website","url":"https:\/\/expressionumea.se\/","name":"eXpression Ume\u00e5","description":"Creative minds unite","publisher":{"@id":"https:\/\/expressionumea.se\/#organization"},"potentialAction":[{"@type":"SearchAction","target":{"@type":"EntryPoint","urlTemplate":"https:\/\/expressionumea.se\/?s={search_term_string}"},"query-input":{"@type":"PropertyValueSpecification","valueRequired":true,"valueName":"search_term_string"}}],"inLanguage":"en-GB"},{"@type":"Organization","@id":"https:\/\/expressionumea.se\/#organization","name":"eXpression Ume\u00e5","url":"https:\/\/expressionumea.se\/","logo":{"@type":"ImageObject","inLanguage":"en-GB","@id":"https:\/\/expressionumea.se\/#\/schema\/logo\/image\/","url":"https:\/\/expressionumea.se\/wp-content\/uploads\/2020\/06\/expression-ume-logotyp.png","contentUrl":"https:\/\/expressionumea.se\/wp-content\/uploads\/2020\/06\/expression-ume-logotyp.png","width":375,"height":98,"caption":"eXpression Ume\u00e5"},"image":{"@id":"https:\/\/expressionumea.se\/#\/schema\/logo\/image\/"}},{"@type":"Person","@id":"https:\/\/expressionumea.se\/#\/schema\/person\/f215c002f05a579f8f2e2fd74038215c","name":"Emil H\u00e4gglund","image":{"@type":"ImageObject","inLanguage":"en-GB","@id":"https:\/\/secure.gravatar.com\/avatar\/eb6d13e9356b6e176ecf79bc75d391596faef394c3bae44b2c54063cbd221aef?s=96&d=mm&r=g","url":"https:\/\/secure.gravatar.com\/avatar\/eb6d13e9356b6e176ecf79bc75d391596faef394c3bae44b2c54063cbd221aef?s=96&d=mm&r=g","contentUrl":"https:\/\/secure.gravatar.com\/avatar\/eb6d13e9356b6e176ecf79bc75d391596faef394c3bae44b2c54063cbd221aef?s=96&d=mm&r=g","caption":"Emil H\u00e4gglund"},"url":"https:\/\/expressionumea.se\/en\/author\/emil\/"}]}},"_links":{"self":[{"href":"https:\/\/expressionumea.se\/en\/wp-json\/wp\/v2\/posts\/10406","targetHints":{"allow":["GET"]}}],"collection":[{"href":"https:\/\/expressionumea.se\/en\/wp-json\/wp\/v2\/posts"}],"about":[{"href":"https:\/\/expressionumea.se\/en\/wp-json\/wp\/v2\/types\/post"}],"author":[{"embeddable":true,"href":"https:\/\/expressionumea.se\/en\/wp-json\/wp\/v2\/users\/6"}],"replies":[{"embeddable":true,"href":"https:\/\/expressionumea.se\/en\/wp-json\/wp\/v2\/comments?post=10406"}],"version-history":[{"count":2,"href":"https:\/\/expressionumea.se\/en\/wp-json\/wp\/v2\/posts\/10406\/revisions"}],"predecessor-version":[{"id":12931,"href":"https:\/\/expressionumea.se\/en\/wp-json\/wp\/v2\/posts\/10406\/revisions\/12931"}],"wp:featuredmedia":[{"embeddable":true,"href":"https:\/\/expressionumea.se\/en\/wp-json\/wp\/v2\/media\/10407"}],"wp:attachment":[{"href":"https:\/\/expressionumea.se\/en\/wp-json\/wp\/v2\/media?parent=10406"}],"wp:term":[{"taxonomy":"category","embeddable":true,"href":"https:\/\/expressionumea.se\/en\/wp-json\/wp\/v2\/categories?post=10406"},{"taxonomy":"post_tag","embeddable":true,"href":"https:\/\/expressionumea.se\/en\/wp-json\/wp\/v2\/tags?post=10406"},{"taxonomy":"eu-finansiering","embeddable":true,"href":"https:\/\/expressionumea.se\/en\/wp-json\/wp\/v2\/eu-finansiering?post=10406"},{"taxonomy":"artikeltyp","embeddable":true,"href":"https:\/\/expressionumea.se\/en\/wp-json\/wp\/v2\/artikeltyp?post=10406"}],"curies":[{"name":"wp","href":"https:\/\/api.w.org\/{rel}","templated":true}]}}