{"id":12926,"date":"2020-08-31T12:28:52","date_gmt":"2020-08-31T10:28:52","guid":{"rendered":"http:\/\/expressionumea.se.loopiadns.com\/?p=12926"},"modified":"2020-09-06T22:54:15","modified_gmt":"2020-09-06T20:54:15","slug":"hang-with-live-under-creative-meetup","status":"publish","type":"post","link":"https:\/\/expressionumea.se\/en\/hang-med-live-under-creative-meetup\/","title":{"rendered":"Join us live during the Creative Meetup - Tuesday at 12:00"},"content":{"rendered":"<p><strong>On Tuesday we celebrate Ume\u00e5's creators and take the opportunity to celebrate six years as an incubator. It will be an energetic digital event live from the artistic campus - with film, panel discussions and music.<\/strong> <strong>The event is part of the Design Week.<\/strong><\/p>\n\n\n\n<p>eXpression Ume\u00e5 celebrates 6 years as an incubator by inviting all creative entrepreneurs and creators in Ume\u00e5 to an energetic digital event. The aim is both to make visible the innovative power that exists within the creative industries and to spread all the inspiration and energy that surrounds the amazing local community of creators.&nbsp;<\/p>\n\n\n\n<p>Participates do <strong>Erik H\u00f6rstedt<\/strong>Random Bastards, <strong>Anna<\/strong> <strong>Parry<\/strong>, Proto Proto, <strong>Maria<\/strong> <strong>\u00d6stensson<\/strong>, \u00d6stensson Design Studio, <strong>Patrik Hellstr\u00f6m<\/strong>, Bryggverket, <strong>Roland<\/strong> <strong>Carlsson<\/strong>, eXpression Ume\u00e5 and <strong>Marlene Johansson,<\/strong> eXpression Ume\u00e5.<\/p>\n\n\n\n<p>We will see film created by <em>Bautafilm<\/em>, animations of <em>MoMotion<\/em> and music performed by <strong>Natalie Carrion<\/strong> and <strong>Johan W\u00e5llberg<\/strong>.<\/p>\n\n\n\n<p><strong>Annakarin Nyberg<\/strong>, eXpression Ume\u00e5, is leading the event on site.<\/p>\n\n\n\n<p>Read more about the event <a href=\"https:\/\/expressionumea.se\/en\/event\/creative-meetup-2020\/\">here<\/a>.<\/p>\n\n\n\n<h2 class=\"wp-block-heading\">Watch the broadcast live, Tuesday 12:00-13:00<\/h2>\n<p><a href=\"https:\/\/www.facebook.com\/watch\/live\/?v=2588920354752053&amp;ref=notif&amp;notif_id=1598953474054180&amp;notif_t=live_video\" target=\"_blank\" rel=\"noopener noreferrer\">https:\/\/www.facebook.com\/watch\/live\/?v=2588920354752053&amp;ref=notif&amp;notif_id=1598953474054180&amp;notif_t=live_video<\/a><\/p>","protected":false},"excerpt":{"rendered":"<p>P\u00e5 tisdag hyllar vi Ume\u00e5s kreat\u00f6rer och passar p\u00e5 att fira sex \u00e5r som inkubator. Det blir ett energifyllt digitalt event live fr\u00e5n konstn\u00e4rligt campus \u2013 med film, panelsamtal och musik. Arrangemanget \u00e4r en del av Designveckan. eXpression&nbsp;Ume\u00e5&nbsp;fyller 6 \u00e5r&nbsp;som inkubator och firar detta genom att bjuda in&nbsp;alla&nbsp;kreativa entrepren\u00f6rer och kreat\u00f6rer&nbsp;i Ume\u00e5&nbsp;till ett&nbsp;energifyllt&nbsp;digitalt event. Syfte&nbsp;\u00e4r&nbsp;att&nbsp;b\u00e5de [&hellip;]<\/p>\n","protected":false},"author":6,"featured_media":12939,"comment_status":"closed","ping_status":"open","sticky":false,"template":"","format":"standard","meta":{"footnotes":""},"categories":[670],"tags":[],"eu-finansiering":[],"artikeltyp":[628],"class_list":["post-12926","post","type-post","status-publish","format-standard","has-post-thumbnail","hentry","category-expression-umea","search-category-artikel","artikeltyp-nyheter"],"yoast_head":"<!-- This site is optimized with the Yoast SEO plugin v27.2 - https:\/\/yoast.com\/product\/yoast-seo-wordpress\/ -->\n<title>H\u00e4ng med live under Creative Meetup \u2013 tisdag kl 12:00 - eXpression Ume\u00e5<\/title>\n<meta name=\"robots\" content=\"index, follow, max-snippet:-1, max-image-preview:large, max-video-preview:-1\" \/>\n<link rel=\"canonical\" href=\"https:\/\/expressionumea.se\/en\/hang-with-live-under-creative-meetup\/\" \/>\n<meta property=\"og:locale\" content=\"en_GB\" \/>\n<meta property=\"og:type\" content=\"article\" \/>\n<meta property=\"og:title\" content=\"H\u00e4ng med live under Creative Meetup \u2013 tisdag kl 12:00 - eXpression Ume\u00e5\" \/>\n<meta property=\"og:description\" content=\"P\u00e5 tisdag hyllar vi Ume\u00e5s kreat\u00f6rer och passar p\u00e5 att fira sex \u00e5r som inkubator. Det blir ett energifyllt digitalt event live fr\u00e5n konstn\u00e4rligt campus \u2013 med film, panelsamtal och musik. Arrangemanget \u00e4r en del av Designveckan. eXpression&nbsp;Ume\u00e5&nbsp;fyller 6 \u00e5r&nbsp;som inkubator och firar detta genom att bjuda in&nbsp;alla&nbsp;kreativa entrepren\u00f6rer och kreat\u00f6rer&nbsp;i Ume\u00e5&nbsp;till ett&nbsp;energifyllt&nbsp;digitalt event. Syfte&nbsp;\u00e4r&nbsp;att&nbsp;b\u00e5de [&hellip;]\" \/>\n<meta property=\"og:url\" content=\"https:\/\/expressionumea.se\/en\/hang-with-live-under-creative-meetup\/\" \/>\n<meta property=\"og:site_name\" content=\"eXpression Ume\u00e5\" \/>\n<meta property=\"article:published_time\" content=\"2020-08-31T10:28:52+00:00\" \/>\n<meta property=\"article:modified_time\" content=\"2020-09-06T20:54:15+00:00\" \/>\n<meta property=\"og:image\" content=\"https:\/\/expressionumea.se\/wp-content\/uploads\/2020\/08\/creative_meetup_nyhet.jpeg\" \/>\n\t<meta property=\"og:image:width\" content=\"1920\" \/>\n\t<meta property=\"og:image:height\" content=\"1080\" \/>\n\t<meta property=\"og:image:type\" content=\"image\/jpeg\" \/>\n<meta name=\"author\" content=\"Emil H\u00e4gglund\" \/>\n<meta name=\"twitter:card\" content=\"summary_large_image\" \/>\n<meta name=\"twitter:label1\" content=\"Written by\" \/>\n\t<meta name=\"twitter:data1\" content=\"Emil H\u00e4gglund\" \/>\n\t<meta name=\"twitter:label2\" content=\"Estimated reading time\" \/>\n\t<meta name=\"twitter:data2\" content=\"1 minute\" \/>\n<script type=\"application\/ld+json\" class=\"yoast-schema-graph\">{\"@context\":\"https:\/\/schema.org\",\"@graph\":[{\"@type\":\"Article\",\"@id\":\"https:\/\/expressionumea.se\/hang-med-live-under-creative-meetup\/#article\",\"isPartOf\":{\"@id\":\"https:\/\/expressionumea.se\/hang-med-live-under-creative-meetup\/\"},\"author\":{\"name\":\"Emil H\u00e4gglund\",\"@id\":\"https:\/\/expressionumea.se\/#\/schema\/person\/f215c002f05a579f8f2e2fd74038215c\"},\"headline\":\"H\u00e4ng med live under Creative Meetup \u2013 tisdag kl 12:00\",\"datePublished\":\"2020-08-31T10:28:52+00:00\",\"dateModified\":\"2020-09-06T20:54:15+00:00\",\"mainEntityOfPage\":{\"@id\":\"https:\/\/expressionumea.se\/hang-med-live-under-creative-meetup\/\"},\"wordCount\":219,\"publisher\":{\"@id\":\"https:\/\/expressionumea.se\/#organization\"},\"image\":{\"@id\":\"https:\/\/expressionumea.se\/hang-med-live-under-creative-meetup\/#primaryimage\"},\"thumbnailUrl\":\"https:\/\/expressionumea.se\/wp-content\/uploads\/2020\/08\/creative_meetup_nyhet.jpeg\",\"articleSection\":[\"eXpression Ume\u00e5\"],\"inLanguage\":\"en-GB\"},{\"@type\":\"WebPage\",\"@id\":\"https:\/\/expressionumea.se\/hang-med-live-under-creative-meetup\/\",\"url\":\"https:\/\/expressionumea.se\/hang-med-live-under-creative-meetup\/\",\"name\":\"H\u00e4ng med live under Creative Meetup \u2013 tisdag kl 12:00 - eXpression Ume\u00e5\",\"isPartOf\":{\"@id\":\"https:\/\/expressionumea.se\/#website\"},\"primaryImageOfPage\":{\"@id\":\"https:\/\/expressionumea.se\/hang-med-live-under-creative-meetup\/#primaryimage\"},\"image\":{\"@id\":\"https:\/\/expressionumea.se\/hang-med-live-under-creative-meetup\/#primaryimage\"},\"thumbnailUrl\":\"https:\/\/expressionumea.se\/wp-content\/uploads\/2020\/08\/creative_meetup_nyhet.jpeg\",\"datePublished\":\"2020-08-31T10:28:52+00:00\",\"dateModified\":\"2020-09-06T20:54:15+00:00\",\"breadcrumb\":{\"@id\":\"https:\/\/expressionumea.se\/hang-med-live-under-creative-meetup\/#breadcrumb\"},\"inLanguage\":\"en-GB\",\"potentialAction\":[{\"@type\":\"ReadAction\",\"target\":[\"https:\/\/expressionumea.se\/hang-med-live-under-creative-meetup\/\"]}]},{\"@type\":\"ImageObject\",\"inLanguage\":\"en-GB\",\"@id\":\"https:\/\/expressionumea.se\/hang-med-live-under-creative-meetup\/#primaryimage\",\"url\":\"https:\/\/expressionumea.se\/wp-content\/uploads\/2020\/08\/creative_meetup_nyhet.jpeg\",\"contentUrl\":\"https:\/\/expressionumea.se\/wp-content\/uploads\/2020\/08\/creative_meetup_nyhet.jpeg\",\"width\":1920,\"height\":1080},{\"@type\":\"BreadcrumbList\",\"@id\":\"https:\/\/expressionumea.se\/hang-med-live-under-creative-meetup\/#breadcrumb\",\"itemListElement\":[{\"@type\":\"ListItem\",\"position\":1,\"name\":\"Hem\",\"item\":\"https:\/\/expressionumea.se\/\"},{\"@type\":\"ListItem\",\"position\":2,\"name\":\"H\u00e4ng med live under Creative Meetup \u2013 tisdag kl 12:00\"}]},{\"@type\":\"WebSite\",\"@id\":\"https:\/\/expressionumea.se\/#website\",\"url\":\"https:\/\/expressionumea.se\/\",\"name\":\"eXpression Ume\u00e5\",\"description\":\"Creative minds unite\",\"publisher\":{\"@id\":\"https:\/\/expressionumea.se\/#organization\"},\"potentialAction\":[{\"@type\":\"SearchAction\",\"target\":{\"@type\":\"EntryPoint\",\"urlTemplate\":\"https:\/\/expressionumea.se\/?s={search_term_string}\"},\"query-input\":{\"@type\":\"PropertyValueSpecification\",\"valueRequired\":true,\"valueName\":\"search_term_string\"}}],\"inLanguage\":\"en-GB\"},{\"@type\":\"Organization\",\"@id\":\"https:\/\/expressionumea.se\/#organization\",\"name\":\"eXpression Ume\u00e5\",\"url\":\"https:\/\/expressionumea.se\/\",\"logo\":{\"@type\":\"ImageObject\",\"inLanguage\":\"en-GB\",\"@id\":\"https:\/\/expressionumea.se\/#\/schema\/logo\/image\/\",\"url\":\"https:\/\/expressionumea.se\/wp-content\/uploads\/2020\/06\/expression-ume-logotyp.png\",\"contentUrl\":\"https:\/\/expressionumea.se\/wp-content\/uploads\/2020\/06\/expression-ume-logotyp.png\",\"width\":375,\"height\":98,\"caption\":\"eXpression Ume\u00e5\"},\"image\":{\"@id\":\"https:\/\/expressionumea.se\/#\/schema\/logo\/image\/\"}},{\"@type\":\"Person\",\"@id\":\"https:\/\/expressionumea.se\/#\/schema\/person\/f215c002f05a579f8f2e2fd74038215c\",\"name\":\"Emil H\u00e4gglund\",\"image\":{\"@type\":\"ImageObject\",\"inLanguage\":\"en-GB\",\"@id\":\"https:\/\/secure.gravatar.com\/avatar\/eb6d13e9356b6e176ecf79bc75d391596faef394c3bae44b2c54063cbd221aef?s=96&d=mm&r=g\",\"url\":\"https:\/\/secure.gravatar.com\/avatar\/eb6d13e9356b6e176ecf79bc75d391596faef394c3bae44b2c54063cbd221aef?s=96&d=mm&r=g\",\"contentUrl\":\"https:\/\/secure.gravatar.com\/avatar\/eb6d13e9356b6e176ecf79bc75d391596faef394c3bae44b2c54063cbd221aef?s=96&d=mm&r=g\",\"caption\":\"Emil H\u00e4gglund\"},\"url\":\"https:\/\/expressionumea.se\/en\/author\/emil\/\"}]}<\/script>\n<!-- \/ Yoast SEO plugin. -->","yoast_head_json":{"title":"Join us live during Creative Meetup - Tuesday at 12:00 - eXpression Ume\u00e5","robots":{"index":"index","follow":"follow","max-snippet":"max-snippet:-1","max-image-preview":"max-image-preview:large","max-video-preview":"max-video-preview:-1"},"canonical":"https:\/\/expressionumea.se\/en\/hang-with-live-under-creative-meetup\/","og_locale":"en_GB","og_type":"article","og_title":"H\u00e4ng med live under Creative Meetup \u2013 tisdag kl 12:00 - eXpression Ume\u00e5","og_description":"P\u00e5 tisdag hyllar vi Ume\u00e5s kreat\u00f6rer och passar p\u00e5 att fira sex \u00e5r som inkubator. Det blir ett energifyllt digitalt event live fr\u00e5n konstn\u00e4rligt campus \u2013 med film, panelsamtal och musik. Arrangemanget \u00e4r en del av Designveckan. eXpression&nbsp;Ume\u00e5&nbsp;fyller 6 \u00e5r&nbsp;som inkubator och firar detta genom att bjuda in&nbsp;alla&nbsp;kreativa entrepren\u00f6rer och kreat\u00f6rer&nbsp;i Ume\u00e5&nbsp;till ett&nbsp;energifyllt&nbsp;digitalt event. Syfte&nbsp;\u00e4r&nbsp;att&nbsp;b\u00e5de [&hellip;]","og_url":"https:\/\/expressionumea.se\/en\/hang-with-live-under-creative-meetup\/","og_site_name":"eXpression Ume\u00e5","article_published_time":"2020-08-31T10:28:52+00:00","article_modified_time":"2020-09-06T20:54:15+00:00","og_image":[{"width":1920,"height":1080,"url":"https:\/\/expressionumea.se\/wp-content\/uploads\/2020\/08\/creative_meetup_nyhet.jpeg","type":"image\/jpeg"}],"author":"Emil H\u00e4gglund","twitter_card":"summary_large_image","twitter_misc":{"Written by":"Emil H\u00e4gglund","Estimated reading time":"1 minute"},"schema":{"@context":"https:\/\/schema.org","@graph":[{"@type":"Article","@id":"https:\/\/expressionumea.se\/hang-med-live-under-creative-meetup\/#article","isPartOf":{"@id":"https:\/\/expressionumea.se\/hang-med-live-under-creative-meetup\/"},"author":{"name":"Emil H\u00e4gglund","@id":"https:\/\/expressionumea.se\/#\/schema\/person\/f215c002f05a579f8f2e2fd74038215c"},"headline":"H\u00e4ng med live under Creative Meetup \u2013 tisdag kl 12:00","datePublished":"2020-08-31T10:28:52+00:00","dateModified":"2020-09-06T20:54:15+00:00","mainEntityOfPage":{"@id":"https:\/\/expressionumea.se\/hang-med-live-under-creative-meetup\/"},"wordCount":219,"publisher":{"@id":"https:\/\/expressionumea.se\/#organization"},"image":{"@id":"https:\/\/expressionumea.se\/hang-med-live-under-creative-meetup\/#primaryimage"},"thumbnailUrl":"https:\/\/expressionumea.se\/wp-content\/uploads\/2020\/08\/creative_meetup_nyhet.jpeg","articleSection":["eXpression Ume\u00e5"],"inLanguage":"en-GB"},{"@type":"WebPage","@id":"https:\/\/expressionumea.se\/hang-med-live-under-creative-meetup\/","url":"https:\/\/expressionumea.se\/hang-med-live-under-creative-meetup\/","name":"Join us live during Creative Meetup - Tuesday at 12:00 - eXpression Ume\u00e5","isPartOf":{"@id":"https:\/\/expressionumea.se\/#website"},"primaryImageOfPage":{"@id":"https:\/\/expressionumea.se\/hang-med-live-under-creative-meetup\/#primaryimage"},"image":{"@id":"https:\/\/expressionumea.se\/hang-med-live-under-creative-meetup\/#primaryimage"},"thumbnailUrl":"https:\/\/expressionumea.se\/wp-content\/uploads\/2020\/08\/creative_meetup_nyhet.jpeg","datePublished":"2020-08-31T10:28:52+00:00","dateModified":"2020-09-06T20:54:15+00:00","breadcrumb":{"@id":"https:\/\/expressionumea.se\/hang-med-live-under-creative-meetup\/#breadcrumb"},"inLanguage":"en-GB","potentialAction":[{"@type":"ReadAction","target":["https:\/\/expressionumea.se\/hang-med-live-under-creative-meetup\/"]}]},{"@type":"ImageObject","inLanguage":"en-GB","@id":"https:\/\/expressionumea.se\/hang-med-live-under-creative-meetup\/#primaryimage","url":"https:\/\/expressionumea.se\/wp-content\/uploads\/2020\/08\/creative_meetup_nyhet.jpeg","contentUrl":"https:\/\/expressionumea.se\/wp-content\/uploads\/2020\/08\/creative_meetup_nyhet.jpeg","width":1920,"height":1080},{"@type":"BreadcrumbList","@id":"https:\/\/expressionumea.se\/hang-med-live-under-creative-meetup\/#breadcrumb","itemListElement":[{"@type":"ListItem","position":1,"name":"Hem","item":"https:\/\/expressionumea.se\/"},{"@type":"ListItem","position":2,"name":"H\u00e4ng med live under Creative Meetup \u2013 tisdag kl 12:00"}]},{"@type":"WebSite","@id":"https:\/\/expressionumea.se\/#website","url":"https:\/\/expressionumea.se\/","name":"eXpression Ume\u00e5","description":"Creative minds unite","publisher":{"@id":"https:\/\/expressionumea.se\/#organization"},"potentialAction":[{"@type":"SearchAction","target":{"@type":"EntryPoint","urlTemplate":"https:\/\/expressionumea.se\/?s={search_term_string}"},"query-input":{"@type":"PropertyValueSpecification","valueRequired":true,"valueName":"search_term_string"}}],"inLanguage":"en-GB"},{"@type":"Organization","@id":"https:\/\/expressionumea.se\/#organization","name":"eXpression Ume\u00e5","url":"https:\/\/expressionumea.se\/","logo":{"@type":"ImageObject","inLanguage":"en-GB","@id":"https:\/\/expressionumea.se\/#\/schema\/logo\/image\/","url":"https:\/\/expressionumea.se\/wp-content\/uploads\/2020\/06\/expression-ume-logotyp.png","contentUrl":"https:\/\/expressionumea.se\/wp-content\/uploads\/2020\/06\/expression-ume-logotyp.png","width":375,"height":98,"caption":"eXpression Ume\u00e5"},"image":{"@id":"https:\/\/expressionumea.se\/#\/schema\/logo\/image\/"}},{"@type":"Person","@id":"https:\/\/expressionumea.se\/#\/schema\/person\/f215c002f05a579f8f2e2fd74038215c","name":"Emil H\u00e4gglund","image":{"@type":"ImageObject","inLanguage":"en-GB","@id":"https:\/\/secure.gravatar.com\/avatar\/eb6d13e9356b6e176ecf79bc75d391596faef394c3bae44b2c54063cbd221aef?s=96&d=mm&r=g","url":"https:\/\/secure.gravatar.com\/avatar\/eb6d13e9356b6e176ecf79bc75d391596faef394c3bae44b2c54063cbd221aef?s=96&d=mm&r=g","contentUrl":"https:\/\/secure.gravatar.com\/avatar\/eb6d13e9356b6e176ecf79bc75d391596faef394c3bae44b2c54063cbd221aef?s=96&d=mm&r=g","caption":"Emil H\u00e4gglund"},"url":"https:\/\/expressionumea.se\/en\/author\/emil\/"}]}},"_links":{"self":[{"href":"https:\/\/expressionumea.se\/en\/wp-json\/wp\/v2\/posts\/12926","targetHints":{"allow":["GET"]}}],"collection":[{"href":"https:\/\/expressionumea.se\/en\/wp-json\/wp\/v2\/posts"}],"about":[{"href":"https:\/\/expressionumea.se\/en\/wp-json\/wp\/v2\/types\/post"}],"author":[{"embeddable":true,"href":"https:\/\/expressionumea.se\/en\/wp-json\/wp\/v2\/users\/6"}],"replies":[{"embeddable":true,"href":"https:\/\/expressionumea.se\/en\/wp-json\/wp\/v2\/comments?post=12926"}],"version-history":[{"count":5,"href":"https:\/\/expressionumea.se\/en\/wp-json\/wp\/v2\/posts\/12926\/revisions"}],"predecessor-version":[{"id":13115,"href":"https:\/\/expressionumea.se\/en\/wp-json\/wp\/v2\/posts\/12926\/revisions\/13115"}],"wp:featuredmedia":[{"embeddable":true,"href":"https:\/\/expressionumea.se\/en\/wp-json\/wp\/v2\/media\/12939"}],"wp:attachment":[{"href":"https:\/\/expressionumea.se\/en\/wp-json\/wp\/v2\/media?parent=12926"}],"wp:term":[{"taxonomy":"category","embeddable":true,"href":"https:\/\/expressionumea.se\/en\/wp-json\/wp\/v2\/categories?post=12926"},{"taxonomy":"post_tag","embeddable":true,"href":"https:\/\/expressionumea.se\/en\/wp-json\/wp\/v2\/tags?post=12926"},{"taxonomy":"eu-finansiering","embeddable":true,"href":"https:\/\/expressionumea.se\/en\/wp-json\/wp\/v2\/eu-finansiering?post=12926"},{"taxonomy":"artikeltyp","embeddable":true,"href":"https:\/\/expressionumea.se\/en\/wp-json\/wp\/v2\/artikeltyp?post=12926"}],"curies":[{"name":"wp","href":"https:\/\/api.w.org\/{rel}","templated":true}]}}