{"id":13476,"date":"2020-09-25T08:20:46","date_gmt":"2020-09-25T06:20:46","guid":{"rendered":"https:\/\/expressionumea.se\/?p=13476"},"modified":"2020-09-25T08:20:48","modified_gmt":"2020-09-25T06:20:48","slug":"against-factivist-sarita-nath","status":"publish","type":"post","link":"https:\/\/expressionumea.se\/en\/mot-factivisten-sarita-nath\/","title":{"rendered":"Meet Factivist Sarita Nath"},"content":{"rendered":"<p><em>Sarita participates in the F\/Act Movement project which started at the end of August. The project means that participants are not allowed to consume new clothes for nine months. <\/em><\/p>\n\n\n\n<p><strong>Now you are almost 4 weeks into the project and 8 months to go - how does it feel?\u00a0<\/strong><br>- I don't think of the project as a 9-month long period of buying freeze on newly produced fashion. Instead, I'm taking it one week at a time when it feels more tangible. The thing that feels the hardest is posting on Instagram regularly. Having to meet all the guidelines we've been given.<\/p>\n\n\n\n<figure class=\"wp-block-embed-instagram wp-block-embed is-type-rich is-provider-instagram\"><div class=\"wp-block-embed__wrapper\">\n<div class=\"sbi-embed-wrap\"><blockquote class=\"instagram-media sbi-embed\" data-instgrm-captioned data-instgrm-permalink=\"https:\/\/www.instagram.com\/p\/CFRNorYJfCY\/?utm_source=ig_embed&amp;utm_campaign=loading\" data-instgrm-version=\"13\" style=\" background:#FFF; border:0; border-radius:3px; box-shadow:0 0 1px 0 rgba(0,0,0,0.5),0 1px 10px 0 rgba(0,0,0,0.15); margin: 1px; max-width:658px; min-width:326px; padding:0; width:99.375%; width:-webkit-calc(100% - 2px); width:calc(100% - 2px);\"><div style=\"padding:16px;\"> <a href=\"https:\/\/www.instagram.com\/p\/CFRNorYJfCY\/?utm_source=ig_embed&amp;utm_campaign=loading\" style=\" background:#FFFFFF; line-height:0; padding:0 0; text-align:center; text-decoration:none; width:100%;\" target=\"_blank\"> <div style=\" display: flex; flex-direction: row; align-items: center;\"> <div style=\"background-color: #F4F4F4; border-radius: 50%; flex-grow: 0; height: 40px; margin-right: 14px; width: 40px;\"><\/div> <div style=\"display: flex; flex-direction: column; flex-grow: 1; justify-content: center;\"> <div style=\" background-color: #F4F4F4; border-radius: 4px; flex-grow: 0; height: 14px; margin-bottom: 6px; width: 100px;\"><\/div> <div style=\" background-color: #F4F4F4; border-radius: 4px; flex-grow: 0; height: 14px; width: 60px;\"><\/div><\/div><\/div><div style=\"padding: 19% 0;\"><\/div> <div style=\"display:block; height:50px; margin:0 auto 12px; width:50px;\"><svg width=\"50px\" height=\"50px\" viewbox=\"0 0 60 60\" version=\"1.1\" xmlns=\"https:\/\/www.w3.org\/2000\/svg\" xmlns:xlink=\"https:\/\/www.w3.org\/1999\/xlink\"><g stroke=\"none\" stroke-width=\"1\" fill=\"none\" fill-rule=\"evenodd\"><g transform=\"translate(-511.000000, -20.000000)\" fill=\"#000000\"><g><path d=\"M556.869,30.41 C554.814,30.41 553.148,32.076 553.148,34.131 C553.148,36.186 554.814,37.852 556.869,37.852 C558.924,37.852 560.59,36.186 560.59,34.131 C560.59,32.076 558.924,30.41 556.869,30.41 M541,60.657 C535.114,60.657 530.342,55.887 530.342,50 C530.342,44.114 535.114,39.342 541,39.342 C546.887,39.342 551.658,44.114 551.658,50 C551.658,55.887 546.887,60.657 541,60.657 M541,33.886 C532.1,33.886 524.886,41.1 524.886,50 C524.886,58.899 532.1,66.113 541,66.113 C549.9,66.113 557.115,58.899 557.115,50 C557.115,41.1 549.9,33.886 541,33.886 M565.378,62.101 C565.244,65.022 564.756,66.606 564.346,67.663 C563.803,69.06 563.154,70.057 562.106,71.106 C561.058,72.155 560.06,72.803 558.662,73.347 C557.607,73.757 556.021,74.244 553.102,74.378 C549.944,74.521 548.997,74.552 541,74.552 C533.003,74.552 532.056,74.521 528.898,74.378 C525.979,74.244 524.393,73.757 523.338,73.347 C521.94,72.803 520.942,72.155 519.894,71.106 C518.846,70.057 518.197,69.06 517.654,67.663 C517.244,66.606 516.755,65.022 516.623,62.101 C516.479,58.943 516.448,57.996 516.448,50 C516.448,42.003 516.479,41.056 516.623,37.899 C516.755,34.978 517.244,33.391 517.654,32.338 C518.197,30.938 518.846,29.942 519.894,28.894 C520.942,27.846 521.94,27.196 523.338,26.654 C524.393,26.244 525.979,25.756 528.898,25.623 C532.057,25.479 533.004,25.448 541,25.448 C548.997,25.448 549.943,25.479 553.102,25.623 C556.021,25.756 557.607,26.244 558.662,26.654 C560.06,27.196 561.058,27.846 562.106,28.894 C563.154,29.942 563.803,30.938 564.346,32.338 C564.756,33.391 565.244,34.978 565.378,37.899 C565.522,41.056 565.552,42.003 565.552,50 C565.552,57.996 565.522,58.943 565.378,62.101 M570.82,37.631 C570.674,34.438 570.167,32.258 569.425,30.349 C568.659,28.377 567.633,26.702 565.965,25.035 C564.297,23.368 562.623,22.342 560.652,21.575 C558.743,20.834 556.562,20.326 553.369,20.18 C550.169,20.033 549.148,20 541,20 C532.853,20 531.831,20.033 528.631,20.18 C525.438,20.326 523.257,20.834 521.349,21.575 C519.376,22.342 517.703,23.368 516.035,25.035 C514.368,26.702 513.342,28.377 512.574,30.349 C511.834,32.258 511.326,34.438 511.181,37.631 C511.035,40.831 511,41.851 511,50 C511,58.147 511.035,59.17 511.181,62.369 C511.326,65.562 511.834,67.743 512.574,69.651 C513.342,71.625 514.368,73.296 516.035,74.965 C517.703,76.634 519.376,77.658 521.349,78.425 C523.257,79.167 525.438,79.673 528.631,79.82 C531.831,79.965 532.853,80.001 541,80.001 C549.148,80.001 550.169,79.965 553.369,79.82 C556.562,79.673 558.743,79.167 560.652,78.425 C562.623,77.658 564.297,76.634 565.965,74.965 C567.633,73.296 568.659,71.625 569.425,69.651 C570.167,67.743 570.674,65.562 570.82,62.369 C570.966,59.17 571,58.147 571,50 C571,41.851 570.966,40.831 570.82,37.631\"><\/path><\/g><\/g><\/g><\/svg><\/div><div style=\"padding-top: 8px;\"> <div style=\" color:#3897f0; font-family:Arial,sans-serif; font-size:14px; font-style:normal; font-weight:550; line-height:18px;\"> View this post on Instagram<\/div><\/div><div style=\"padding: 12.5% 0;\"><\/div> <div style=\"display: flex; flex-direction: row; margin-bottom: 14px; align-items: center;\"><div> <div style=\"background-color: #F4F4F4; border-radius: 50%; height: 12.5px; width: 12.5px; transform: translateX(0px) translateY(7px);\"><\/div> <div style=\"background-color: #F4F4F4; height: 12.5px; transform: rotate(-45deg) translateX(3px) translateY(1px); width: 12.5px; flex-grow: 0; margin-right: 14px; margin-left: 2px;\"><\/div> <div style=\"background-color: #F4F4F4; border-radius: 50%; height: 12.5px; width: 12.5px; transform: translateX(9px) translateY(-18px);\"><\/div><\/div><div style=\"margin-left: 8px;\"> <div style=\" background-color: #F4F4F4; border-radius: 50%; flex-grow: 0; height: 20px; width: 20px;\"><\/div> <div style=\" width: 0; height: 0; border-top: 2px solid transparent; border-left: 6px solid #f4f4f4; border-bottom: 2px solid transparent; transform: translateX(16px) translateY(-4px) rotate(30deg)\"><\/div><\/div><div style=\"margin-left: auto;\"> <div style=\" width: 0px; border-top: 8px solid #F4F4F4; border-right: 8px solid transparent; transform: translateY(16px);\"><\/div> <div style=\" background-color: #F4F4F4; flex-grow: 0; height: 12px; width: 16px; transform: translateY(-4px);\"><\/div> <div style=\" width: 0; height: 0; border-top: 8px solid #F4F4F4; border-left: 8px solid transparent; transform: translateY(-4px) translateX(8px);\"><\/div><\/div><\/div> <div style=\"display: flex; flex-direction: column; flex-grow: 1; justify-content: center; margin-bottom: 24px;\"> <div style=\" background-color: #F4F4F4; border-radius: 4px; flex-grow: 0; height: 14px; margin-bottom: 6px; width: 224px;\"><\/div> <div style=\" background-color: #F4F4F4; border-radius: 4px; flex-grow: 0; height: 14px; width: 144px;\"><\/div><\/div><\/a><p style=\" color:#c9c8cd; font-family:Arial,sans-serif; font-size:14px; line-height:17px; margin-bottom:0; margin-top:8px; overflow:hidden; padding:8px 0 7px; text-align:center; text-overflow:ellipsis; white-space:nowrap;\"><a href=\"https:\/\/www.instagram.com\/p\/CFRNorYJfCY\/?utm_source=ig_embed&amp;utm_campaign=loading\" style=\" color:#c9c8cd; font-family:Arial,sans-serif; font-size:14px; font-style:normal; font-weight:normal; line-height:17px; text-decoration:none;\" target=\"_blank\">A post shared by Sarita Nath (@saritanath)<\/a><\/p><\/div><\/blockquote><script async src=\"\/\/platform.instagram.com\/en_US\/embeds.js\"><\/script><\/div>\n<\/div><\/figure>\n\n\n\n<p><strong>What are your hopes and expectations?<\/strong><br>- My hope is to inspire others to reflect on their consumption and get away from wasteful behaviour. And for myself, it's to become more savvy and comfortable with being seen and sharing my life on social media.\u00a0\u00a0<\/p>\n\n\n\n<p><strong>You've done a big wardrobe clear-out, how was it?<\/strong><br>It was a great feeling when it was done! I have a lot of clothes and took help from a friend for this. Went through everything, purged, sorted and what would be left I hung back in as usual. We also got a great tip in the comments from Monika Kichau* - to hang in outfits instead of sorted by garment type.<\/p>\n\n\n\n<figure class=\"wp-block-video\"><video autoplay loop muted src=\"https:\/\/media.giphy.com\/media\/xWZ47FYF06bRC9IMWX\/giphy.mp4\" playsinline><\/video><\/figure>\n\n\n\n<p><strong>Can you share anything you have particularly appreciated from what you have done\/learned so far?<\/strong><br>I really appreciate the microcourse we've been taking part in - activating our wardrobe and rethinking how we wear the clothes we already have! I think it is actually available for everyone to take part in. As I mentioned here before, the wardrobe cleanse is a really lovely thing to do.\u00a0<\/p>\n\n\n\n<p><strong>Today you go to the fashion show in eXpression PopIn!<\/strong><br>Exactly, I'm always so happy when I get asked by Lisa** if I can and want to go to the fashion show she organizes. I'm not a model, but she chooses lovely \"ordinary\" people to showcase local fashion and I'm happy to contribute to that.\u00a0<\/p>\n\n\n\n<p><em>*Monika is a stylist and during the f\/activists' next meeting she will lecture and workshop with them about style\/styling and second hand.<\/em><\/p>\n\n\n\n<p><em>*Lisa Karlsson runs a company called UmeProjects at eXpression and among other things, she organizes various events and manages various projects.<\/em><\/p>","protected":false},"excerpt":{"rendered":"<p>Sarita participates in the F\/Act Movement project which started at the end of August. The project means that participants are not allowed to consume new clothes for nine months. <\/p>","protected":false},"author":8,"featured_media":13478,"comment_status":"open","ping_status":"open","sticky":false,"template":"","format":"standard","meta":{"footnotes":""},"categories":[666],"tags":[602],"eu-finansiering":[],"artikeltyp":[628],"class_list":["post-13476","post","type-post","status-publish","format-standard","has-post-thumbnail","hentry","category-mode","tag-f-act-movement","search-category-artikel","artikeltyp-nyheter"],"yoast_head":"<!-- This site is optimized with the Yoast SEO plugin v27.2 - https:\/\/yoast.com\/product\/yoast-seo-wordpress\/ -->\n<title>M\u00f6t Factivisten Sarita Nath - eXpression Ume\u00e5<\/title>\n<meta name=\"robots\" content=\"index, follow, max-snippet:-1, max-image-preview:large, max-video-preview:-1\" \/>\n<link rel=\"canonical\" href=\"https:\/\/expressionumea.se\/en\/against-factivist-sarita-nath\/\" \/>\n<meta property=\"og:locale\" content=\"en_GB\" \/>\n<meta property=\"og:type\" content=\"article\" \/>\n<meta property=\"og:title\" content=\"M\u00f6t Factivisten Sarita Nath - eXpression Ume\u00e5\" \/>\n<meta property=\"og:description\" content=\"Sarita deltar i projektet F\/Act Movement som startade i slutet av augusti. Projektet inneb\u00e4r att deltagarna inte f\u00e5r konsumera nya kl\u00e4der under nio m\u00e5naders tid.\" \/>\n<meta property=\"og:url\" content=\"https:\/\/expressionumea.se\/en\/against-factivist-sarita-nath\/\" \/>\n<meta property=\"og:site_name\" content=\"eXpression Ume\u00e5\" \/>\n<meta property=\"article:published_time\" content=\"2020-09-25T06:20:46+00:00\" \/>\n<meta property=\"article:modified_time\" content=\"2020-09-25T06:20:48+00:00\" \/>\n<meta property=\"og:image\" content=\"https:\/\/expressionumea.se\/wp-content\/uploads\/2020\/09\/image0-e1601014778321.jpeg\" \/>\n\t<meta property=\"og:image:width\" content=\"1649\" \/>\n\t<meta property=\"og:image:height\" content=\"930\" \/>\n\t<meta property=\"og:image:type\" content=\"image\/jpeg\" \/>\n<meta name=\"author\" content=\"Oskar Riby\" \/>\n<meta name=\"twitter:card\" content=\"summary_large_image\" \/>\n<meta name=\"twitter:label1\" content=\"Written by\" \/>\n\t<meta name=\"twitter:data1\" content=\"Oskar Riby\" \/>\n\t<meta name=\"twitter:label2\" content=\"Estimated reading time\" \/>\n\t<meta name=\"twitter:data2\" content=\"2 minutes\" \/>\n<script type=\"application\/ld+json\" class=\"yoast-schema-graph\">{\"@context\":\"https:\/\/schema.org\",\"@graph\":[{\"@type\":\"Article\",\"@id\":\"https:\/\/expressionumea.se\/mot-factivisten-sarita-nath\/#article\",\"isPartOf\":{\"@id\":\"https:\/\/expressionumea.se\/mot-factivisten-sarita-nath\/\"},\"author\":{\"name\":\"Oskar Riby\",\"@id\":\"https:\/\/expressionumea.se\/#\/schema\/person\/4d2cdf320ed18c350d6289ea40dbbe64\"},\"headline\":\"M\u00f6t Factivisten Sarita Nath\",\"datePublished\":\"2020-09-25T06:20:46+00:00\",\"dateModified\":\"2020-09-25T06:20:48+00:00\",\"mainEntityOfPage\":{\"@id\":\"https:\/\/expressionumea.se\/mot-factivisten-sarita-nath\/\"},\"wordCount\":454,\"commentCount\":0,\"publisher\":{\"@id\":\"https:\/\/expressionumea.se\/#organization\"},\"image\":{\"@id\":\"https:\/\/expressionumea.se\/mot-factivisten-sarita-nath\/#primaryimage\"},\"thumbnailUrl\":\"https:\/\/expressionumea.se\/wp-content\/uploads\/2020\/09\/image0-e1601014778321.jpeg\",\"keywords\":[\"F\/ACT Movement\"],\"articleSection\":[\"Mode\"],\"inLanguage\":\"en-GB\",\"potentialAction\":[{\"@type\":\"CommentAction\",\"name\":\"Comment\",\"target\":[\"https:\/\/expressionumea.se\/mot-factivisten-sarita-nath\/#respond\"]}]},{\"@type\":\"WebPage\",\"@id\":\"https:\/\/expressionumea.se\/mot-factivisten-sarita-nath\/\",\"url\":\"https:\/\/expressionumea.se\/mot-factivisten-sarita-nath\/\",\"name\":\"M\u00f6t Factivisten Sarita Nath - eXpression Ume\u00e5\",\"isPartOf\":{\"@id\":\"https:\/\/expressionumea.se\/#website\"},\"primaryImageOfPage\":{\"@id\":\"https:\/\/expressionumea.se\/mot-factivisten-sarita-nath\/#primaryimage\"},\"image\":{\"@id\":\"https:\/\/expressionumea.se\/mot-factivisten-sarita-nath\/#primaryimage\"},\"thumbnailUrl\":\"https:\/\/expressionumea.se\/wp-content\/uploads\/2020\/09\/image0-e1601014778321.jpeg\",\"datePublished\":\"2020-09-25T06:20:46+00:00\",\"dateModified\":\"2020-09-25T06:20:48+00:00\",\"breadcrumb\":{\"@id\":\"https:\/\/expressionumea.se\/mot-factivisten-sarita-nath\/#breadcrumb\"},\"inLanguage\":\"en-GB\",\"potentialAction\":[{\"@type\":\"ReadAction\",\"target\":[\"https:\/\/expressionumea.se\/mot-factivisten-sarita-nath\/\"]}]},{\"@type\":\"ImageObject\",\"inLanguage\":\"en-GB\",\"@id\":\"https:\/\/expressionumea.se\/mot-factivisten-sarita-nath\/#primaryimage\",\"url\":\"https:\/\/expressionumea.se\/wp-content\/uploads\/2020\/09\/image0-e1601014778321.jpeg\",\"contentUrl\":\"https:\/\/expressionumea.se\/wp-content\/uploads\/2020\/09\/image0-e1601014778321.jpeg\",\"width\":1649,\"height\":930,\"caption\":\"Sarita Nath\"},{\"@type\":\"BreadcrumbList\",\"@id\":\"https:\/\/expressionumea.se\/mot-factivisten-sarita-nath\/#breadcrumb\",\"itemListElement\":[{\"@type\":\"ListItem\",\"position\":1,\"name\":\"Hem\",\"item\":\"https:\/\/expressionumea.se\/\"},{\"@type\":\"ListItem\",\"position\":2,\"name\":\"M\u00f6t Factivisten Sarita Nath\"}]},{\"@type\":\"WebSite\",\"@id\":\"https:\/\/expressionumea.se\/#website\",\"url\":\"https:\/\/expressionumea.se\/\",\"name\":\"eXpression Ume\u00e5\",\"description\":\"Creative minds unite\",\"publisher\":{\"@id\":\"https:\/\/expressionumea.se\/#organization\"},\"potentialAction\":[{\"@type\":\"SearchAction\",\"target\":{\"@type\":\"EntryPoint\",\"urlTemplate\":\"https:\/\/expressionumea.se\/?s={search_term_string}\"},\"query-input\":{\"@type\":\"PropertyValueSpecification\",\"valueRequired\":true,\"valueName\":\"search_term_string\"}}],\"inLanguage\":\"en-GB\"},{\"@type\":\"Organization\",\"@id\":\"https:\/\/expressionumea.se\/#organization\",\"name\":\"eXpression Ume\u00e5\",\"url\":\"https:\/\/expressionumea.se\/\",\"logo\":{\"@type\":\"ImageObject\",\"inLanguage\":\"en-GB\",\"@id\":\"https:\/\/expressionumea.se\/#\/schema\/logo\/image\/\",\"url\":\"https:\/\/expressionumea.se\/wp-content\/uploads\/2020\/06\/expression-ume-logotyp.png\",\"contentUrl\":\"https:\/\/expressionumea.se\/wp-content\/uploads\/2020\/06\/expression-ume-logotyp.png\",\"width\":375,\"height\":98,\"caption\":\"eXpression Ume\u00e5\"},\"image\":{\"@id\":\"https:\/\/expressionumea.se\/#\/schema\/logo\/image\/\"}},{\"@type\":\"Person\",\"@id\":\"https:\/\/expressionumea.se\/#\/schema\/person\/4d2cdf320ed18c350d6289ea40dbbe64\",\"name\":\"Oskar Riby\",\"image\":{\"@type\":\"ImageObject\",\"inLanguage\":\"en-GB\",\"@id\":\"https:\/\/secure.gravatar.com\/avatar\/d08f14f53201a4526f69007a673785f3da2c8dc44ffb300dd3d6882cd81e3280?s=96&d=mm&r=g\",\"url\":\"https:\/\/secure.gravatar.com\/avatar\/d08f14f53201a4526f69007a673785f3da2c8dc44ffb300dd3d6882cd81e3280?s=96&d=mm&r=g\",\"contentUrl\":\"https:\/\/secure.gravatar.com\/avatar\/d08f14f53201a4526f69007a673785f3da2c8dc44ffb300dd3d6882cd81e3280?s=96&d=mm&r=g\",\"caption\":\"Oskar Riby\"},\"url\":\"https:\/\/expressionumea.se\/en\/author\/oskar-riby\/\"}]}<\/script>\n<!-- \/ Yoast SEO plugin. -->","yoast_head_json":{"title":"Meet Factivist Sarita Nath - eXpression Ume\u00e5","robots":{"index":"index","follow":"follow","max-snippet":"max-snippet:-1","max-image-preview":"max-image-preview:large","max-video-preview":"max-video-preview:-1"},"canonical":"https:\/\/expressionumea.se\/en\/against-factivist-sarita-nath\/","og_locale":"en_GB","og_type":"article","og_title":"M\u00f6t Factivisten Sarita Nath - eXpression Ume\u00e5","og_description":"Sarita deltar i projektet F\/Act Movement som startade i slutet av augusti. Projektet inneb\u00e4r att deltagarna inte f\u00e5r konsumera nya kl\u00e4der under nio m\u00e5naders tid.","og_url":"https:\/\/expressionumea.se\/en\/against-factivist-sarita-nath\/","og_site_name":"eXpression Ume\u00e5","article_published_time":"2020-09-25T06:20:46+00:00","article_modified_time":"2020-09-25T06:20:48+00:00","og_image":[{"width":1649,"height":930,"url":"https:\/\/expressionumea.se\/wp-content\/uploads\/2020\/09\/image0-e1601014778321.jpeg","type":"image\/jpeg"}],"author":"Oskar Riby","twitter_card":"summary_large_image","twitter_misc":{"Written by":"Oskar Riby","Estimated reading time":"2 minutes"},"schema":{"@context":"https:\/\/schema.org","@graph":[{"@type":"Article","@id":"https:\/\/expressionumea.se\/mot-factivisten-sarita-nath\/#article","isPartOf":{"@id":"https:\/\/expressionumea.se\/mot-factivisten-sarita-nath\/"},"author":{"name":"Oskar Riby","@id":"https:\/\/expressionumea.se\/#\/schema\/person\/4d2cdf320ed18c350d6289ea40dbbe64"},"headline":"M\u00f6t Factivisten Sarita Nath","datePublished":"2020-09-25T06:20:46+00:00","dateModified":"2020-09-25T06:20:48+00:00","mainEntityOfPage":{"@id":"https:\/\/expressionumea.se\/mot-factivisten-sarita-nath\/"},"wordCount":454,"commentCount":0,"publisher":{"@id":"https:\/\/expressionumea.se\/#organization"},"image":{"@id":"https:\/\/expressionumea.se\/mot-factivisten-sarita-nath\/#primaryimage"},"thumbnailUrl":"https:\/\/expressionumea.se\/wp-content\/uploads\/2020\/09\/image0-e1601014778321.jpeg","keywords":["F\/ACT Movement"],"articleSection":["Mode"],"inLanguage":"en-GB","potentialAction":[{"@type":"CommentAction","name":"Comment","target":["https:\/\/expressionumea.se\/mot-factivisten-sarita-nath\/#respond"]}]},{"@type":"WebPage","@id":"https:\/\/expressionumea.se\/mot-factivisten-sarita-nath\/","url":"https:\/\/expressionumea.se\/mot-factivisten-sarita-nath\/","name":"Meet Factivist Sarita Nath - eXpression Ume\u00e5","isPartOf":{"@id":"https:\/\/expressionumea.se\/#website"},"primaryImageOfPage":{"@id":"https:\/\/expressionumea.se\/mot-factivisten-sarita-nath\/#primaryimage"},"image":{"@id":"https:\/\/expressionumea.se\/mot-factivisten-sarita-nath\/#primaryimage"},"thumbnailUrl":"https:\/\/expressionumea.se\/wp-content\/uploads\/2020\/09\/image0-e1601014778321.jpeg","datePublished":"2020-09-25T06:20:46+00:00","dateModified":"2020-09-25T06:20:48+00:00","breadcrumb":{"@id":"https:\/\/expressionumea.se\/mot-factivisten-sarita-nath\/#breadcrumb"},"inLanguage":"en-GB","potentialAction":[{"@type":"ReadAction","target":["https:\/\/expressionumea.se\/mot-factivisten-sarita-nath\/"]}]},{"@type":"ImageObject","inLanguage":"en-GB","@id":"https:\/\/expressionumea.se\/mot-factivisten-sarita-nath\/#primaryimage","url":"https:\/\/expressionumea.se\/wp-content\/uploads\/2020\/09\/image0-e1601014778321.jpeg","contentUrl":"https:\/\/expressionumea.se\/wp-content\/uploads\/2020\/09\/image0-e1601014778321.jpeg","width":1649,"height":930,"caption":"Sarita Nath"},{"@type":"BreadcrumbList","@id":"https:\/\/expressionumea.se\/mot-factivisten-sarita-nath\/#breadcrumb","itemListElement":[{"@type":"ListItem","position":1,"name":"Hem","item":"https:\/\/expressionumea.se\/"},{"@type":"ListItem","position":2,"name":"M\u00f6t Factivisten Sarita Nath"}]},{"@type":"WebSite","@id":"https:\/\/expressionumea.se\/#website","url":"https:\/\/expressionumea.se\/","name":"eXpression Ume\u00e5","description":"Creative minds unite","publisher":{"@id":"https:\/\/expressionumea.se\/#organization"},"potentialAction":[{"@type":"SearchAction","target":{"@type":"EntryPoint","urlTemplate":"https:\/\/expressionumea.se\/?s={search_term_string}"},"query-input":{"@type":"PropertyValueSpecification","valueRequired":true,"valueName":"search_term_string"}}],"inLanguage":"en-GB"},{"@type":"Organization","@id":"https:\/\/expressionumea.se\/#organization","name":"eXpression Ume\u00e5","url":"https:\/\/expressionumea.se\/","logo":{"@type":"ImageObject","inLanguage":"en-GB","@id":"https:\/\/expressionumea.se\/#\/schema\/logo\/image\/","url":"https:\/\/expressionumea.se\/wp-content\/uploads\/2020\/06\/expression-ume-logotyp.png","contentUrl":"https:\/\/expressionumea.se\/wp-content\/uploads\/2020\/06\/expression-ume-logotyp.png","width":375,"height":98,"caption":"eXpression Ume\u00e5"},"image":{"@id":"https:\/\/expressionumea.se\/#\/schema\/logo\/image\/"}},{"@type":"Person","@id":"https:\/\/expressionumea.se\/#\/schema\/person\/4d2cdf320ed18c350d6289ea40dbbe64","name":"Oscar Riby","image":{"@type":"ImageObject","inLanguage":"en-GB","@id":"https:\/\/secure.gravatar.com\/avatar\/d08f14f53201a4526f69007a673785f3da2c8dc44ffb300dd3d6882cd81e3280?s=96&d=mm&r=g","url":"https:\/\/secure.gravatar.com\/avatar\/d08f14f53201a4526f69007a673785f3da2c8dc44ffb300dd3d6882cd81e3280?s=96&d=mm&r=g","contentUrl":"https:\/\/secure.gravatar.com\/avatar\/d08f14f53201a4526f69007a673785f3da2c8dc44ffb300dd3d6882cd81e3280?s=96&d=mm&r=g","caption":"Oskar Riby"},"url":"https:\/\/expressionumea.se\/en\/author\/oskar-riby\/"}]}},"_links":{"self":[{"href":"https:\/\/expressionumea.se\/en\/wp-json\/wp\/v2\/posts\/13476","targetHints":{"allow":["GET"]}}],"collection":[{"href":"https:\/\/expressionumea.se\/en\/wp-json\/wp\/v2\/posts"}],"about":[{"href":"https:\/\/expressionumea.se\/en\/wp-json\/wp\/v2\/types\/post"}],"author":[{"embeddable":true,"href":"https:\/\/expressionumea.se\/en\/wp-json\/wp\/v2\/users\/8"}],"replies":[{"embeddable":true,"href":"https:\/\/expressionumea.se\/en\/wp-json\/wp\/v2\/comments?post=13476"}],"version-history":[{"count":1,"href":"https:\/\/expressionumea.se\/en\/wp-json\/wp\/v2\/posts\/13476\/revisions"}],"predecessor-version":[{"id":13479,"href":"https:\/\/expressionumea.se\/en\/wp-json\/wp\/v2\/posts\/13476\/revisions\/13479"}],"wp:featuredmedia":[{"embeddable":true,"href":"https:\/\/expressionumea.se\/en\/wp-json\/wp\/v2\/media\/13478"}],"wp:attachment":[{"href":"https:\/\/expressionumea.se\/en\/wp-json\/wp\/v2\/media?parent=13476"}],"wp:term":[{"taxonomy":"category","embeddable":true,"href":"https:\/\/expressionumea.se\/en\/wp-json\/wp\/v2\/categories?post=13476"},{"taxonomy":"post_tag","embeddable":true,"href":"https:\/\/expressionumea.se\/en\/wp-json\/wp\/v2\/tags?post=13476"},{"taxonomy":"eu-finansiering","embeddable":true,"href":"https:\/\/expressionumea.se\/en\/wp-json\/wp\/v2\/eu-finansiering?post=13476"},{"taxonomy":"artikeltyp","embeddable":true,"href":"https:\/\/expressionumea.se\/en\/wp-json\/wp\/v2\/artikeltyp?post=13476"}],"curies":[{"name":"wp","href":"https:\/\/api.w.org\/{rel}","templated":true}]}}