{"id":14322,"date":"2020-12-09T14:22:50","date_gmt":"2020-12-09T13:22:50","guid":{"rendered":"https:\/\/expressionumea.se\/?p=14322"},"modified":"2023-08-03T22:15:14","modified_gmt":"2023-08-03T20:15:14","slug":"future-retail-lab-in-new-study-about-dark-design","status":"publish","type":"post","link":"https:\/\/expressionumea.se\/en\/future-retail-lab-i-ny-studie-om-dark-design\/","title":{"rendered":"Future Retail Lab in new study on Dark Design Patterns"},"content":{"rendered":"<p><strong>Collaboration with Ume\u00e5 University has been a success factor for <strong>eXpression Ume\u00e5<\/strong>s<\/strong> <strong>accelerator program, Future Retail Lab. Another study is now being initiated where the incubator, together with the Department of Computer Science, will investigate owner-operated companies in retail and their approach to dark design patterns - a perspective that has been relatively unexplored so far.&nbsp;<\/strong>&nbsp;<\/p>\n\n\n\n<p>With each passing day, the number of websites and applications that use technology and UX design to influence users' decision-making process under the radar increases. Systematically using these tricks falls under the concept of <em>dark design patterns <\/em>- a technology that can be used with both dubious and good intentions, but which has increasingly come under criticism. <strong>Rikard Harr<\/strong> from the Department of Informatics at Ume\u00e5 University is now starting a new collaborative study on the topic together with his research colleague and Future Retail Lab's programme manager, <strong>Annakarin Nyberg.<\/strong>\u00a0<\/p>\n\n\n\n<blockquote class=\"wp-block-quote is-layout-flow wp-block-quote-is-layout-flow\"><p>We will investigate owner-driven companies in retail and their approach to dark design patterns. Today, there are a variety of ways to subconsciously control users' decision-making process. From tricking and pressuring customers into decisions to supporting them to make more informed decisions. For example, this could involve contributing knowledge about products and services to provide a better service. This is an unexplored perspective where more knowledge is needed, says <strong>Rikard Harr<\/strong>, researcher at the Department of Informatics, Ume\u00e5 University.&nbsp;<\/p><\/blockquote>\n\n\n\n<p>In the pioneering initiative Future Retail Lab, eXpression Ume\u00e5 has a unique accelerator programme for the retail and hospitality industry. One success factor is the close cooperation with researchers and students at Ume\u00e5 University - where one key is <strong>Annakarin Nybergs<\/strong> dual roles as both a researcher in computer science and programme manager of the Future Retail Lab.&nbsp;<\/p>\n\n\n\n<blockquote class=\"wp-block-quote is-layout-flow wp-block-quote-is-layout-flow\"><p>As I have my feet in both organisations, I can smoothly promote collaborative research. In other words, that scientific knowledge is taken outside the scientific community and put into practice, and that important experience and knowledge from owner-operated companies in the trade, tourism and experience industry is returned to the university. In this way, a good breeding ground for up-to-date and relevant research is created. This is an important interaction,\" says <strong>Annakarin Nyberg<\/strong>.&nbsp;<\/p><\/blockquote>\n\n\n\n<p><a href=\"https:\/\/expressionumea.se\/en\/program\/future-retail-lab\/\">\" READ MORE: Future Retail Lab<\/a><\/p>","protected":false},"excerpt":{"rendered":"<p>Samverkan med Ume\u00e5 universitet har fr\u00e5n start varit en framg\u00e5ngsfaktor f\u00f6r eXpression Ume\u00e5s acceleratorprogram, Future Retail Lab. Nu initieras ytterligare en studie d\u00e4r inkubatorn tillsammans med institutionen f\u00f6r informatik ska unders\u00f6ka \u00e4gardrivna bolag inom handeln och deras f\u00f6rh\u00e5llningss\u00e4tt till dark design patterns \u2013 ett perspektiv som hittills varit relativt outforskat.&nbsp;&nbsp; F\u00f6r varje dag som g\u00e5r [&hellip;]<\/p>\n","protected":false},"author":6,"featured_media":14328,"comment_status":"closed","ping_status":"open","sticky":false,"template":"","format":"standard","meta":{"footnotes":""},"categories":[475],"tags":[],"eu-finansiering":[],"artikeltyp":[628],"class_list":["post-14322","post","type-post","status-publish","format-standard","has-post-thumbnail","hentry","category-future-retail-lab","search-category-artikel","artikeltyp-nyheter"],"yoast_head":"<!-- This site is optimized with the Yoast SEO plugin v27.2 - https:\/\/yoast.com\/product\/yoast-seo-wordpress\/ -->\n<title>Future Retail Lab i ny studie om Dark Design Patterns - eXpression Ume\u00e5<\/title>\n<meta name=\"robots\" content=\"index, follow, max-snippet:-1, max-image-preview:large, max-video-preview:-1\" \/>\n<link rel=\"canonical\" href=\"https:\/\/expressionumea.se\/en\/future-retail-lab-in-new-study-about-dark-design\/\" \/>\n<meta property=\"og:locale\" content=\"en_GB\" \/>\n<meta property=\"og:type\" content=\"article\" \/>\n<meta property=\"og:title\" content=\"Future Retail Lab i ny studie om Dark Design Patterns - eXpression Ume\u00e5\" \/>\n<meta property=\"og:description\" content=\"Samverkan med Ume\u00e5 universitet har fr\u00e5n start varit en framg\u00e5ngsfaktor f\u00f6r eXpression Ume\u00e5s acceleratorprogram, Future Retail Lab. Nu initieras ytterligare en studie d\u00e4r inkubatorn tillsammans med institutionen f\u00f6r informatik ska unders\u00f6ka \u00e4gardrivna bolag inom handeln och deras f\u00f6rh\u00e5llningss\u00e4tt till dark design patterns \u2013 ett perspektiv som hittills varit relativt outforskat.&nbsp;&nbsp; F\u00f6r varje dag som g\u00e5r [&hellip;]\" \/>\n<meta property=\"og:url\" content=\"https:\/\/expressionumea.se\/en\/future-retail-lab-in-new-study-about-dark-design\/\" \/>\n<meta property=\"og:site_name\" content=\"eXpression Ume\u00e5\" \/>\n<meta property=\"article:published_time\" content=\"2020-12-09T13:22:50+00:00\" \/>\n<meta property=\"article:modified_time\" content=\"2023-08-03T20:15:14+00:00\" \/>\n<meta property=\"og:image\" content=\"https:\/\/expressionumea.se\/wp-content\/uploads\/2020\/12\/rikard_och_annakarin.png\" \/>\n\t<meta property=\"og:image:width\" content=\"1162\" \/>\n\t<meta property=\"og:image:height\" content=\"654\" \/>\n\t<meta property=\"og:image:type\" content=\"image\/png\" \/>\n<meta name=\"author\" content=\"Emil H\u00e4gglund\" \/>\n<meta name=\"twitter:card\" content=\"summary_large_image\" \/>\n<meta name=\"twitter:label1\" content=\"Written by\" \/>\n\t<meta name=\"twitter:data1\" content=\"Emil H\u00e4gglund\" \/>\n\t<meta name=\"twitter:label2\" content=\"Estimated reading time\" \/>\n\t<meta name=\"twitter:data2\" content=\"2 minutes\" \/>\n<script type=\"application\/ld+json\" class=\"yoast-schema-graph\">{\"@context\":\"https:\/\/schema.org\",\"@graph\":[{\"@type\":\"Article\",\"@id\":\"https:\/\/expressionumea.se\/future-retail-lab-i-ny-studie-om-dark-design\/#article\",\"isPartOf\":{\"@id\":\"https:\/\/expressionumea.se\/future-retail-lab-i-ny-studie-om-dark-design\/\"},\"author\":{\"name\":\"Emil H\u00e4gglund\",\"@id\":\"https:\/\/expressionumea.se\/#\/schema\/person\/f215c002f05a579f8f2e2fd74038215c\"},\"headline\":\"Future Retail Lab i ny studie om Dark Design Patterns\",\"datePublished\":\"2020-12-09T13:22:50+00:00\",\"dateModified\":\"2023-08-03T20:15:14+00:00\",\"mainEntityOfPage\":{\"@id\":\"https:\/\/expressionumea.se\/future-retail-lab-i-ny-studie-om-dark-design\/\"},\"wordCount\":405,\"publisher\":{\"@id\":\"https:\/\/expressionumea.se\/#organization\"},\"image\":{\"@id\":\"https:\/\/expressionumea.se\/future-retail-lab-i-ny-studie-om-dark-design\/#primaryimage\"},\"thumbnailUrl\":\"https:\/\/expressionumea.se\/wp-content\/uploads\/2020\/12\/rikard_och_annakarin.png\",\"articleSection\":[\"Future Retail Lab\"],\"inLanguage\":\"en-GB\"},{\"@type\":\"WebPage\",\"@id\":\"https:\/\/expressionumea.se\/future-retail-lab-i-ny-studie-om-dark-design\/\",\"url\":\"https:\/\/expressionumea.se\/future-retail-lab-i-ny-studie-om-dark-design\/\",\"name\":\"Future Retail Lab i ny studie om Dark Design Patterns - eXpression Ume\u00e5\",\"isPartOf\":{\"@id\":\"https:\/\/expressionumea.se\/#website\"},\"primaryImageOfPage\":{\"@id\":\"https:\/\/expressionumea.se\/future-retail-lab-i-ny-studie-om-dark-design\/#primaryimage\"},\"image\":{\"@id\":\"https:\/\/expressionumea.se\/future-retail-lab-i-ny-studie-om-dark-design\/#primaryimage\"},\"thumbnailUrl\":\"https:\/\/expressionumea.se\/wp-content\/uploads\/2020\/12\/rikard_och_annakarin.png\",\"datePublished\":\"2020-12-09T13:22:50+00:00\",\"dateModified\":\"2023-08-03T20:15:14+00:00\",\"breadcrumb\":{\"@id\":\"https:\/\/expressionumea.se\/future-retail-lab-i-ny-studie-om-dark-design\/#breadcrumb\"},\"inLanguage\":\"en-GB\",\"potentialAction\":[{\"@type\":\"ReadAction\",\"target\":[\"https:\/\/expressionumea.se\/future-retail-lab-i-ny-studie-om-dark-design\/\"]}]},{\"@type\":\"ImageObject\",\"inLanguage\":\"en-GB\",\"@id\":\"https:\/\/expressionumea.se\/future-retail-lab-i-ny-studie-om-dark-design\/#primaryimage\",\"url\":\"https:\/\/expressionumea.se\/wp-content\/uploads\/2020\/12\/rikard_och_annakarin.png\",\"contentUrl\":\"https:\/\/expressionumea.se\/wp-content\/uploads\/2020\/12\/rikard_och_annakarin.png\",\"width\":1162,\"height\":654},{\"@type\":\"BreadcrumbList\",\"@id\":\"https:\/\/expressionumea.se\/future-retail-lab-i-ny-studie-om-dark-design\/#breadcrumb\",\"itemListElement\":[{\"@type\":\"ListItem\",\"position\":1,\"name\":\"Hem\",\"item\":\"https:\/\/expressionumea.se\/\"},{\"@type\":\"ListItem\",\"position\":2,\"name\":\"Future Retail Lab i ny studie om Dark Design Patterns\"}]},{\"@type\":\"WebSite\",\"@id\":\"https:\/\/expressionumea.se\/#website\",\"url\":\"https:\/\/expressionumea.se\/\",\"name\":\"eXpression Ume\u00e5\",\"description\":\"Creative minds unite\",\"publisher\":{\"@id\":\"https:\/\/expressionumea.se\/#organization\"},\"potentialAction\":[{\"@type\":\"SearchAction\",\"target\":{\"@type\":\"EntryPoint\",\"urlTemplate\":\"https:\/\/expressionumea.se\/?s={search_term_string}\"},\"query-input\":{\"@type\":\"PropertyValueSpecification\",\"valueRequired\":true,\"valueName\":\"search_term_string\"}}],\"inLanguage\":\"en-GB\"},{\"@type\":\"Organization\",\"@id\":\"https:\/\/expressionumea.se\/#organization\",\"name\":\"eXpression Ume\u00e5\",\"url\":\"https:\/\/expressionumea.se\/\",\"logo\":{\"@type\":\"ImageObject\",\"inLanguage\":\"en-GB\",\"@id\":\"https:\/\/expressionumea.se\/#\/schema\/logo\/image\/\",\"url\":\"https:\/\/expressionumea.se\/wp-content\/uploads\/2020\/06\/expression-ume-logotyp.png\",\"contentUrl\":\"https:\/\/expressionumea.se\/wp-content\/uploads\/2020\/06\/expression-ume-logotyp.png\",\"width\":375,\"height\":98,\"caption\":\"eXpression Ume\u00e5\"},\"image\":{\"@id\":\"https:\/\/expressionumea.se\/#\/schema\/logo\/image\/\"}},{\"@type\":\"Person\",\"@id\":\"https:\/\/expressionumea.se\/#\/schema\/person\/f215c002f05a579f8f2e2fd74038215c\",\"name\":\"Emil H\u00e4gglund\",\"image\":{\"@type\":\"ImageObject\",\"inLanguage\":\"en-GB\",\"@id\":\"https:\/\/secure.gravatar.com\/avatar\/eb6d13e9356b6e176ecf79bc75d391596faef394c3bae44b2c54063cbd221aef?s=96&d=mm&r=g\",\"url\":\"https:\/\/secure.gravatar.com\/avatar\/eb6d13e9356b6e176ecf79bc75d391596faef394c3bae44b2c54063cbd221aef?s=96&d=mm&r=g\",\"contentUrl\":\"https:\/\/secure.gravatar.com\/avatar\/eb6d13e9356b6e176ecf79bc75d391596faef394c3bae44b2c54063cbd221aef?s=96&d=mm&r=g\",\"caption\":\"Emil H\u00e4gglund\"},\"url\":\"https:\/\/expressionumea.se\/en\/author\/emil\/\"}]}<\/script>\n<!-- \/ Yoast SEO plugin. -->","yoast_head_json":{"title":"Future Retail Lab in new study on Dark Design Patterns - eXpression Ume\u00e5","robots":{"index":"index","follow":"follow","max-snippet":"max-snippet:-1","max-image-preview":"max-image-preview:large","max-video-preview":"max-video-preview:-1"},"canonical":"https:\/\/expressionumea.se\/en\/future-retail-lab-in-new-study-about-dark-design\/","og_locale":"en_GB","og_type":"article","og_title":"Future Retail Lab i ny studie om Dark Design Patterns - eXpression Ume\u00e5","og_description":"Samverkan med Ume\u00e5 universitet har fr\u00e5n start varit en framg\u00e5ngsfaktor f\u00f6r eXpression Ume\u00e5s acceleratorprogram, Future Retail Lab. Nu initieras ytterligare en studie d\u00e4r inkubatorn tillsammans med institutionen f\u00f6r informatik ska unders\u00f6ka \u00e4gardrivna bolag inom handeln och deras f\u00f6rh\u00e5llningss\u00e4tt till dark design patterns \u2013 ett perspektiv som hittills varit relativt outforskat.&nbsp;&nbsp; F\u00f6r varje dag som g\u00e5r [&hellip;]","og_url":"https:\/\/expressionumea.se\/en\/future-retail-lab-in-new-study-about-dark-design\/","og_site_name":"eXpression Ume\u00e5","article_published_time":"2020-12-09T13:22:50+00:00","article_modified_time":"2023-08-03T20:15:14+00:00","og_image":[{"width":1162,"height":654,"url":"https:\/\/expressionumea.se\/wp-content\/uploads\/2020\/12\/rikard_och_annakarin.png","type":"image\/png"}],"author":"Emil H\u00e4gglund","twitter_card":"summary_large_image","twitter_misc":{"Written by":"Emil H\u00e4gglund","Estimated reading time":"2 minutes"},"schema":{"@context":"https:\/\/schema.org","@graph":[{"@type":"Article","@id":"https:\/\/expressionumea.se\/future-retail-lab-i-ny-studie-om-dark-design\/#article","isPartOf":{"@id":"https:\/\/expressionumea.se\/future-retail-lab-i-ny-studie-om-dark-design\/"},"author":{"name":"Emil H\u00e4gglund","@id":"https:\/\/expressionumea.se\/#\/schema\/person\/f215c002f05a579f8f2e2fd74038215c"},"headline":"Future Retail Lab i ny studie om Dark Design Patterns","datePublished":"2020-12-09T13:22:50+00:00","dateModified":"2023-08-03T20:15:14+00:00","mainEntityOfPage":{"@id":"https:\/\/expressionumea.se\/future-retail-lab-i-ny-studie-om-dark-design\/"},"wordCount":405,"publisher":{"@id":"https:\/\/expressionumea.se\/#organization"},"image":{"@id":"https:\/\/expressionumea.se\/future-retail-lab-i-ny-studie-om-dark-design\/#primaryimage"},"thumbnailUrl":"https:\/\/expressionumea.se\/wp-content\/uploads\/2020\/12\/rikard_och_annakarin.png","articleSection":["Future Retail Lab"],"inLanguage":"en-GB"},{"@type":"WebPage","@id":"https:\/\/expressionumea.se\/future-retail-lab-i-ny-studie-om-dark-design\/","url":"https:\/\/expressionumea.se\/future-retail-lab-i-ny-studie-om-dark-design\/","name":"Future Retail Lab in new study on Dark Design Patterns - eXpression Ume\u00e5","isPartOf":{"@id":"https:\/\/expressionumea.se\/#website"},"primaryImageOfPage":{"@id":"https:\/\/expressionumea.se\/future-retail-lab-i-ny-studie-om-dark-design\/#primaryimage"},"image":{"@id":"https:\/\/expressionumea.se\/future-retail-lab-i-ny-studie-om-dark-design\/#primaryimage"},"thumbnailUrl":"https:\/\/expressionumea.se\/wp-content\/uploads\/2020\/12\/rikard_och_annakarin.png","datePublished":"2020-12-09T13:22:50+00:00","dateModified":"2023-08-03T20:15:14+00:00","breadcrumb":{"@id":"https:\/\/expressionumea.se\/future-retail-lab-i-ny-studie-om-dark-design\/#breadcrumb"},"inLanguage":"en-GB","potentialAction":[{"@type":"ReadAction","target":["https:\/\/expressionumea.se\/future-retail-lab-i-ny-studie-om-dark-design\/"]}]},{"@type":"ImageObject","inLanguage":"en-GB","@id":"https:\/\/expressionumea.se\/future-retail-lab-i-ny-studie-om-dark-design\/#primaryimage","url":"https:\/\/expressionumea.se\/wp-content\/uploads\/2020\/12\/rikard_och_annakarin.png","contentUrl":"https:\/\/expressionumea.se\/wp-content\/uploads\/2020\/12\/rikard_och_annakarin.png","width":1162,"height":654},{"@type":"BreadcrumbList","@id":"https:\/\/expressionumea.se\/future-retail-lab-i-ny-studie-om-dark-design\/#breadcrumb","itemListElement":[{"@type":"ListItem","position":1,"name":"Hem","item":"https:\/\/expressionumea.se\/"},{"@type":"ListItem","position":2,"name":"Future Retail Lab i ny studie om Dark Design Patterns"}]},{"@type":"WebSite","@id":"https:\/\/expressionumea.se\/#website","url":"https:\/\/expressionumea.se\/","name":"eXpression Ume\u00e5","description":"Creative minds unite","publisher":{"@id":"https:\/\/expressionumea.se\/#organization"},"potentialAction":[{"@type":"SearchAction","target":{"@type":"EntryPoint","urlTemplate":"https:\/\/expressionumea.se\/?s={search_term_string}"},"query-input":{"@type":"PropertyValueSpecification","valueRequired":true,"valueName":"search_term_string"}}],"inLanguage":"en-GB"},{"@type":"Organization","@id":"https:\/\/expressionumea.se\/#organization","name":"eXpression Ume\u00e5","url":"https:\/\/expressionumea.se\/","logo":{"@type":"ImageObject","inLanguage":"en-GB","@id":"https:\/\/expressionumea.se\/#\/schema\/logo\/image\/","url":"https:\/\/expressionumea.se\/wp-content\/uploads\/2020\/06\/expression-ume-logotyp.png","contentUrl":"https:\/\/expressionumea.se\/wp-content\/uploads\/2020\/06\/expression-ume-logotyp.png","width":375,"height":98,"caption":"eXpression Ume\u00e5"},"image":{"@id":"https:\/\/expressionumea.se\/#\/schema\/logo\/image\/"}},{"@type":"Person","@id":"https:\/\/expressionumea.se\/#\/schema\/person\/f215c002f05a579f8f2e2fd74038215c","name":"Emil H\u00e4gglund","image":{"@type":"ImageObject","inLanguage":"en-GB","@id":"https:\/\/secure.gravatar.com\/avatar\/eb6d13e9356b6e176ecf79bc75d391596faef394c3bae44b2c54063cbd221aef?s=96&d=mm&r=g","url":"https:\/\/secure.gravatar.com\/avatar\/eb6d13e9356b6e176ecf79bc75d391596faef394c3bae44b2c54063cbd221aef?s=96&d=mm&r=g","contentUrl":"https:\/\/secure.gravatar.com\/avatar\/eb6d13e9356b6e176ecf79bc75d391596faef394c3bae44b2c54063cbd221aef?s=96&d=mm&r=g","caption":"Emil H\u00e4gglund"},"url":"https:\/\/expressionumea.se\/en\/author\/emil\/"}]}},"_links":{"self":[{"href":"https:\/\/expressionumea.se\/en\/wp-json\/wp\/v2\/posts\/14322","targetHints":{"allow":["GET"]}}],"collection":[{"href":"https:\/\/expressionumea.se\/en\/wp-json\/wp\/v2\/posts"}],"about":[{"href":"https:\/\/expressionumea.se\/en\/wp-json\/wp\/v2\/types\/post"}],"author":[{"embeddable":true,"href":"https:\/\/expressionumea.se\/en\/wp-json\/wp\/v2\/users\/6"}],"replies":[{"embeddable":true,"href":"https:\/\/expressionumea.se\/en\/wp-json\/wp\/v2\/comments?post=14322"}],"version-history":[{"count":7,"href":"https:\/\/expressionumea.se\/en\/wp-json\/wp\/v2\/posts\/14322\/revisions"}],"predecessor-version":[{"id":14333,"href":"https:\/\/expressionumea.se\/en\/wp-json\/wp\/v2\/posts\/14322\/revisions\/14333"}],"wp:featuredmedia":[{"embeddable":true,"href":"https:\/\/expressionumea.se\/en\/wp-json\/wp\/v2\/media\/14328"}],"wp:attachment":[{"href":"https:\/\/expressionumea.se\/en\/wp-json\/wp\/v2\/media?parent=14322"}],"wp:term":[{"taxonomy":"category","embeddable":true,"href":"https:\/\/expressionumea.se\/en\/wp-json\/wp\/v2\/categories?post=14322"},{"taxonomy":"post_tag","embeddable":true,"href":"https:\/\/expressionumea.se\/en\/wp-json\/wp\/v2\/tags?post=14322"},{"taxonomy":"eu-finansiering","embeddable":true,"href":"https:\/\/expressionumea.se\/en\/wp-json\/wp\/v2\/eu-finansiering?post=14322"},{"taxonomy":"artikeltyp","embeddable":true,"href":"https:\/\/expressionumea.se\/en\/wp-json\/wp\/v2\/artikeltyp?post=14322"}],"curies":[{"name":"wp","href":"https:\/\/api.w.org\/{rel}","templated":true}]}}