{"id":20231,"date":"2022-05-04T09:18:07","date_gmt":"2022-05-04T07:18:07","guid":{"rendered":"https:\/\/expressionumea.se\/?p=20231"},"modified":"2023-08-03T22:05:29","modified_gmt":"2023-08-03T20:05:29","slug":"the-expression-future-retail-lab-accelerator-programme-is-analysed","status":"publish","type":"post","link":"https:\/\/expressionumea.se\/en\/acceleratorprogrammet-expression-future-retail-lab-analyseras\/","title":{"rendered":"eXpression Future Retail Lab accelerator programme analysed"},"content":{"rendered":"<p>In the spring of 2022, the three-year initiative to develop, establish and implement an accelerator programme for<strong> <\/strong>sustainable trade of the future. The programme has been developed at the business incubator<strong> <\/strong>eXpression Ume\u00e5 and the aim has been to create the conditions for companies to develop and refine their business models, find collaborative models and grow sustainably from an economic, social and environmental perspective.<\/p>\n\n\n\n<p><strong>eXpression Future Retail Lab programme<\/strong><\/p>\n\n\n\n<p>Since autumn 2019 until spring 2022, a total of 44 companies from the Norrland coast and V\u00e4sterbotten inland have participated in the programme initiative. The programme has evolved from initially targeting only companies in the trade sector to include companies from the hospitality and experience sectors in the final round of the programme. Examples of sectors represented are fashion and clothing, beauty and health, handicrafts, art and crafts, other retail, gastronomy and tourism. The programme content has evolved over the years of the programme and has included topics such as: business models and environmental analysis, branding and communication strategy, consumer behaviour and sales, social media, statistics and analysis, purchasing and logistics, internationalisation and export maturity, financing models for growth, leadership and hosting.<\/p>\n\n\n\n<p><strong>Methodology and stakeholders<\/strong><\/p>\n\n\n\n<p>The programme has been characterised by a clear methodology aimed at moving from new inspiration and knowledge to implementation in companies. Participating companies have followed a structure that has included interaction between participating companies, business developers, industry experts and representatives from Ume\u00e5 University. In addition, property owners, municipalities, destination companies and citizens have also been involved over the years and the aim has been to create a cluster of actors who together have explored the sustainable trade of the future.<\/p>\n\n\n\n<p><strong>Rounding up and analysis<\/strong><\/p>\n\n\n\n<p>Each round of the programme has ended with participating companies presenting and reflecting on the developments that have taken place during the programme period and what they are planning for the future. This has included, for example, highlighting new communication strategies, developing sales channels and renegotiating or establishing new supplier agreements. In concrete terms, companies have demonstrated some 20 new or refined business models and 15 collaborations under the accelerator programme. In addition, many of the companies say that they are stronger both in their business and as individuals.<\/p>\n\n\n\n<div class=\"wp-block-columns is-layout-flex wp-container-core-columns-is-layout-28f84493 wp-block-columns-is-layout-flex\">\n<div class=\"wp-block-column is-layout-flow wp-block-column-is-layout-flow\" style=\"flex-basis:100%\">\n<div class=\"wp-block-columns is-layout-flex wp-container-core-columns-is-layout-28f84493 wp-block-columns-is-layout-flex\">\n<div class=\"wp-block-column is-layout-flow wp-block-column-is-layout-flow\" style=\"flex-basis:100%\">\n<div class=\"wp-block-columns is-layout-flex wp-container-core-columns-is-layout-28f84493 wp-block-columns-is-layout-flex\">\n<div class=\"wp-block-column is-layout-flow wp-block-column-is-layout-flow\">\n<figure class=\"wp-block-image size-large\"><img fetchpriority=\"high\" decoding=\"async\" width=\"1024\" height=\"683\" src=\"https:\/\/expressionumea.se\/wp-content\/uploads\/2022\/05\/MicrosoftTeams-image-15-ljus-1024x683.jpg\" alt=\"\" class=\"wp-image-20291\" srcset=\"https:\/\/expressionumea.se\/wp-content\/uploads\/2022\/05\/MicrosoftTeams-image-15-ljus-1024x683.jpg 1024w, https:\/\/expressionumea.se\/wp-content\/uploads\/2022\/05\/MicrosoftTeams-image-15-ljus-300x200.jpg 300w, https:\/\/expressionumea.se\/wp-content\/uploads\/2022\/05\/MicrosoftTeams-image-15-ljus-768x512.jpg 768w, https:\/\/expressionumea.se\/wp-content\/uploads\/2022\/05\/MicrosoftTeams-image-15-ljus-1536x1024.jpg 1536w, https:\/\/expressionumea.se\/wp-content\/uploads\/2022\/05\/MicrosoftTeams-image-15-ljus-2048x1365.jpg 2048w, https:\/\/expressionumea.se\/wp-content\/uploads\/2022\/05\/MicrosoftTeams-image-15-ljus-18x12.jpg 18w\" sizes=\"(max-width: 1024px) 100vw, 1024px\" \/><figcaption><strong>My Bergstr\u00f6m<\/strong> and <strong>Lisa Hellm\u00e9r<\/strong>, Pensionatet Malmgatan<\/figcaption><\/figure>\n<\/div>\n\n\n\n<div class=\"wp-block-column is-layout-flow wp-block-column-is-layout-flow\">\n<blockquote class=\"wp-block-quote is-layout-flow wp-block-quote-is-layout-flow\"><p>After discussing the possibility of renegotiating contracts, we reviewed one of our contracts with our subcontractors. After a moment's reflection and a phone call later, we had cut costs by 80,000 a year,\" says My Bergstr\u00f6m, Pensionatet Malmgatan in Pite\u00e5.<\/p><\/blockquote>\n<\/div>\n<\/div>\n<\/div>\n<\/div>\n<\/div>\n<\/div>\n\n\n\n<p>Although the third year of the programme has now come to an end, cooperation with the companies will continue for a few more months. They will be offered further business development and a board training will be organised in the spring based on the needs expressed.<\/p>\n\n\n\n<p>The programme was initially financed by the Swedish Trade Foundation. Subsequently, funding has come partly from Ume\u00e5 municipality. Based on the accelerator programme and all the knowledge and experience gathered over the years, a learning platform has been established through a project funded by Tillv\u00e4xtverket. The project aims to disseminate knowledge and experience during and after the Coronpandem. The learning platform contains 100s of guides and articles that aim to create the conditions for more companies to develop their business - even if they have not participated in a programme. The Learning Platform is also aimed at business developers and other actors in the innovation support structures who wish to reflect on and develop their business development methodology.<\/p>\n\n\n\n<p><strong>Digital learning platform:<\/strong><\/p>\n\n\n\n<p><a href=\"https:\/\/expressionumea.se\/en\/partnerships-and-projects\/the-future-helpful-possession-trade\/\">www.expressionumea.se\/samarbeten-och-projekt\/framtidens-hallbara-besoksnaring-handel\/&nbsp;<\/a><\/p>\n\n\n\n<p><\/p>\n\n\n\n<p><\/p>\n\n\n\n<h2 class=\"wp-block-heading\"><strong>Here are all the companies that have participated in the programme<\/strong><\/h2>\n\n\n\n<p><br>2019-2020&nbsp;<br><br><strong>Bigaro&nbsp;<br>Childrenshouse&nbsp;<br>Du\u00e5&nbsp;<br>Otherwise&nbsp;<br>H&amp;H&nbsp;<br>The Coffee Family&nbsp;<br>Linnaeus and Grankvist&nbsp;<br>Pia Stylist&nbsp;<br>Sisters in Law&nbsp;<br>Swedish Beauty Factory&nbsp;<br>Team Scandi&nbsp;<br>World of Boardgames&nbsp;<\/strong><br>&nbsp;<br><br>2020-2021&nbsp;<br><br><strong>Anettes Building Care&nbsp;<\/strong><br><strong>Bryggverket&nbsp;<br>Design by Bj\u00f6rk&nbsp;<br>The Animal Magnet&nbsp;<br>Eljest \/Maria Forsgren Real Estate&nbsp;<br>Fantasia&nbsp;<br>Old Salteriet&nbsp;<br>The Goldsmith&nbsp;<br>G\u00e5rdshem&nbsp;<br>Hemsl\u00f6jden&nbsp;<br>Humleb\u00e4ck&nbsp;<br>Ingmar interior&nbsp;<br>Ingrid's underwear&nbsp;<br>Malin in Ratan&nbsp;<br>Food &amp; Event AB&nbsp;<br>Meretes eco-shop&nbsp;<\/strong><br><br><br>2021-2022&nbsp;<br><br><strong>Backpacking Light&nbsp;<br>Industrial goods&nbsp;<br>Members&nbsp;<br>Researchers&nbsp;<br>Gallery Oss&nbsp;<\/strong><br><strong>Cloakrooms&nbsp;<br>Healthy in Skellefe\u00e5&nbsp;<br>Idunn Wine&nbsp;&nbsp;<br>Iron stove food stall&nbsp;<br>Mini and the Planet&nbsp;<br>New Makeriet&nbsp;<br>Boarding house&nbsp;<br>Root Tavelsj\u00f6&nbsp;<br>Sofia Karolina&nbsp;<br>Tavelsj\u00f6 Farm Mill&nbsp;<br>WOW Hairdressing AB<\/strong>&nbsp;<\/p>","protected":false},"excerpt":{"rendered":"<p>three-year initiative to develop, establish and implement an accelerator programme for the sustainable trade of the future. The programme has been developed at the business incubator eXpression Ume\u00e5 and the aim has been to create the conditions for companies to develop and refine their business models, find collaboration models and grow sustainably from an economic, social and environmental perspective.<\/p>","protected":false},"author":4,"featured_media":21231,"comment_status":"closed","ping_status":"open","sticky":false,"template":"","format":"standard","meta":{"footnotes":""},"categories":[475],"tags":[723,500],"eu-finansiering":[],"artikeltyp":[628],"class_list":["post-20231","post","type-post","status-publish","format-standard","has-post-thumbnail","hentry","category-future-retail-lab","tag-framtidens-hallbara-besoksnaring","tag-future-retail-lab","search-category-artikel","artikeltyp-nyheter"],"yoast_head":"<!-- This site is optimized with the Yoast SEO plugin v27.2 - https:\/\/yoast.com\/product\/yoast-seo-wordpress\/ -->\n<title>Acceleratorprogrammet eXpression Future Retail Lab analyseras - eXpression Ume\u00e5<\/title>\n<meta name=\"robots\" content=\"index, follow, max-snippet:-1, max-image-preview:large, max-video-preview:-1\" \/>\n<link rel=\"canonical\" href=\"https:\/\/expressionumea.se\/en\/the-expression-future-retail-lab-accelerator-programme-is-analysed\/\" \/>\n<meta property=\"og:locale\" content=\"en_GB\" \/>\n<meta property=\"og:type\" content=\"article\" \/>\n<meta property=\"og:title\" content=\"Acceleratorprogrammet eXpression Future Retail Lab analyseras - eXpression Ume\u00e5\" \/>\n<meta property=\"og:description\" content=\"tre\u00e5riga satsning som har handlat om att utveckla, etablera och genomf\u00f6ra ett acceleratorprogram f\u00f6r framtidens h\u00e5llbara handel. Programmet har utvecklats vid f\u00f6retagsinkubatorn eXpression Ume\u00e5 och syftet har varit att skapa f\u00f6ruts\u00e4ttningar f\u00f6r f\u00f6retag att utveckla och f\u00f6rfina sina aff\u00e4rsmodeller, hitta samverkansmodeller och v\u00e4xa h\u00e5llbart ur ett ekonomiskt, socialt och milj\u00f6m\u00e4ssigt perspektiv.\" \/>\n<meta property=\"og:url\" content=\"https:\/\/expressionumea.se\/en\/the-expression-future-retail-lab-accelerator-programme-is-analysed\/\" \/>\n<meta property=\"og:site_name\" content=\"eXpression Ume\u00e5\" \/>\n<meta property=\"article:published_time\" content=\"2022-05-04T07:18:07+00:00\" \/>\n<meta property=\"article:modified_time\" content=\"2023-08-03T20:05:29+00:00\" \/>\n<meta property=\"og:image\" content=\"https:\/\/expressionumea.se\/wp-content\/uploads\/2022\/05\/q8brgkwjwfyeeiohade7.jpg\" \/>\n\t<meta property=\"og:image:width\" content=\"940\" \/>\n\t<meta property=\"og:image:height\" content=\"627\" \/>\n\t<meta property=\"og:image:type\" content=\"image\/jpeg\" \/>\n<meta name=\"author\" content=\"Anna Wikholm\" \/>\n<meta name=\"twitter:card\" content=\"summary_large_image\" \/>\n<meta name=\"twitter:label1\" content=\"Written by\" \/>\n\t<meta name=\"twitter:data1\" content=\"Anna Wikholm\" \/>\n\t<meta name=\"twitter:label2\" content=\"Estimated reading time\" \/>\n\t<meta name=\"twitter:data2\" content=\"4 minutes\" \/>\n<script type=\"application\/ld+json\" class=\"yoast-schema-graph\">{\"@context\":\"https:\/\/schema.org\",\"@graph\":[{\"@type\":\"Article\",\"@id\":\"https:\/\/expressionumea.se\/acceleratorprogrammet-expression-future-retail-lab-analyseras\/#article\",\"isPartOf\":{\"@id\":\"https:\/\/expressionumea.se\/acceleratorprogrammet-expression-future-retail-lab-analyseras\/\"},\"author\":{\"name\":\"Anna Wikholm\",\"@id\":\"https:\/\/expressionumea.se\/#\/schema\/person\/1e20558e56409dffe7180bdd0cc8f950\"},\"headline\":\"Acceleratorprogrammet eXpression Future Retail Lab analyseras\",\"datePublished\":\"2022-05-04T07:18:07+00:00\",\"dateModified\":\"2023-08-03T20:05:29+00:00\",\"mainEntityOfPage\":{\"@id\":\"https:\/\/expressionumea.se\/acceleratorprogrammet-expression-future-retail-lab-analyseras\/\"},\"wordCount\":768,\"publisher\":{\"@id\":\"https:\/\/expressionumea.se\/#organization\"},\"image\":{\"@id\":\"https:\/\/expressionumea.se\/acceleratorprogrammet-expression-future-retail-lab-analyseras\/#primaryimage\"},\"thumbnailUrl\":\"https:\/\/expressionumea.se\/wp-content\/uploads\/2022\/05\/q8brgkwjwfyeeiohade7.jpg\",\"keywords\":[\"Framtidens H\u00e5llbara Bes\u00f6ksn\u00e4ring\",\"Future Retail Lab\"],\"articleSection\":[\"Future Retail Lab\"],\"inLanguage\":\"en-GB\"},{\"@type\":\"WebPage\",\"@id\":\"https:\/\/expressionumea.se\/acceleratorprogrammet-expression-future-retail-lab-analyseras\/\",\"url\":\"https:\/\/expressionumea.se\/acceleratorprogrammet-expression-future-retail-lab-analyseras\/\",\"name\":\"Acceleratorprogrammet eXpression Future Retail Lab analyseras - eXpression Ume\u00e5\",\"isPartOf\":{\"@id\":\"https:\/\/expressionumea.se\/#website\"},\"primaryImageOfPage\":{\"@id\":\"https:\/\/expressionumea.se\/acceleratorprogrammet-expression-future-retail-lab-analyseras\/#primaryimage\"},\"image\":{\"@id\":\"https:\/\/expressionumea.se\/acceleratorprogrammet-expression-future-retail-lab-analyseras\/#primaryimage\"},\"thumbnailUrl\":\"https:\/\/expressionumea.se\/wp-content\/uploads\/2022\/05\/q8brgkwjwfyeeiohade7.jpg\",\"datePublished\":\"2022-05-04T07:18:07+00:00\",\"dateModified\":\"2023-08-03T20:05:29+00:00\",\"breadcrumb\":{\"@id\":\"https:\/\/expressionumea.se\/acceleratorprogrammet-expression-future-retail-lab-analyseras\/#breadcrumb\"},\"inLanguage\":\"en-GB\",\"potentialAction\":[{\"@type\":\"ReadAction\",\"target\":[\"https:\/\/expressionumea.se\/acceleratorprogrammet-expression-future-retail-lab-analyseras\/\"]}]},{\"@type\":\"ImageObject\",\"inLanguage\":\"en-GB\",\"@id\":\"https:\/\/expressionumea.se\/acceleratorprogrammet-expression-future-retail-lab-analyseras\/#primaryimage\",\"url\":\"https:\/\/expressionumea.se\/wp-content\/uploads\/2022\/05\/q8brgkwjwfyeeiohade7.jpg\",\"contentUrl\":\"https:\/\/expressionumea.se\/wp-content\/uploads\/2022\/05\/q8brgkwjwfyeeiohade7.jpg\",\"width\":940,\"height\":627},{\"@type\":\"BreadcrumbList\",\"@id\":\"https:\/\/expressionumea.se\/acceleratorprogrammet-expression-future-retail-lab-analyseras\/#breadcrumb\",\"itemListElement\":[{\"@type\":\"ListItem\",\"position\":1,\"name\":\"Hem\",\"item\":\"https:\/\/expressionumea.se\/\"},{\"@type\":\"ListItem\",\"position\":2,\"name\":\"Acceleratorprogrammet eXpression Future Retail Lab analyseras\"}]},{\"@type\":\"WebSite\",\"@id\":\"https:\/\/expressionumea.se\/#website\",\"url\":\"https:\/\/expressionumea.se\/\",\"name\":\"eXpression Ume\u00e5\",\"description\":\"Creative minds unite\",\"publisher\":{\"@id\":\"https:\/\/expressionumea.se\/#organization\"},\"potentialAction\":[{\"@type\":\"SearchAction\",\"target\":{\"@type\":\"EntryPoint\",\"urlTemplate\":\"https:\/\/expressionumea.se\/?s={search_term_string}\"},\"query-input\":{\"@type\":\"PropertyValueSpecification\",\"valueRequired\":true,\"valueName\":\"search_term_string\"}}],\"inLanguage\":\"en-GB\"},{\"@type\":\"Organization\",\"@id\":\"https:\/\/expressionumea.se\/#organization\",\"name\":\"eXpression Ume\u00e5\",\"url\":\"https:\/\/expressionumea.se\/\",\"logo\":{\"@type\":\"ImageObject\",\"inLanguage\":\"en-GB\",\"@id\":\"https:\/\/expressionumea.se\/#\/schema\/logo\/image\/\",\"url\":\"https:\/\/expressionumea.se\/wp-content\/uploads\/2020\/06\/expression-ume-logotyp.png\",\"contentUrl\":\"https:\/\/expressionumea.se\/wp-content\/uploads\/2020\/06\/expression-ume-logotyp.png\",\"width\":375,\"height\":98,\"caption\":\"eXpression Ume\u00e5\"},\"image\":{\"@id\":\"https:\/\/expressionumea.se\/#\/schema\/logo\/image\/\"}},{\"@type\":\"Person\",\"@id\":\"https:\/\/expressionumea.se\/#\/schema\/person\/1e20558e56409dffe7180bdd0cc8f950\",\"name\":\"Anna Wikholm\",\"image\":{\"@type\":\"ImageObject\",\"inLanguage\":\"en-GB\",\"@id\":\"https:\/\/secure.gravatar.com\/avatar\/1c3905f82cd6d252f8e42b7cd65dfc9eafd3cfde5cef18d2c6fb15461c2ff59d?s=96&d=mm&r=g\",\"url\":\"https:\/\/secure.gravatar.com\/avatar\/1c3905f82cd6d252f8e42b7cd65dfc9eafd3cfde5cef18d2c6fb15461c2ff59d?s=96&d=mm&r=g\",\"contentUrl\":\"https:\/\/secure.gravatar.com\/avatar\/1c3905f82cd6d252f8e42b7cd65dfc9eafd3cfde5cef18d2c6fb15461c2ff59d?s=96&d=mm&r=g\",\"caption\":\"Anna Wikholm\"},\"url\":\"https:\/\/expressionumea.se\/en\/author\/anna-wikholm\/\"}]}<\/script>\n<!-- \/ Yoast SEO plugin. -->","yoast_head_json":{"title":"The eXpression Future Retail Lab accelerator programme is analysed - eXpression Ume\u00e5","robots":{"index":"index","follow":"follow","max-snippet":"max-snippet:-1","max-image-preview":"max-image-preview:large","max-video-preview":"max-video-preview:-1"},"canonical":"https:\/\/expressionumea.se\/en\/the-expression-future-retail-lab-accelerator-programme-is-analysed\/","og_locale":"en_GB","og_type":"article","og_title":"Acceleratorprogrammet eXpression Future Retail Lab analyseras - eXpression Ume\u00e5","og_description":"tre\u00e5riga satsning som har handlat om att utveckla, etablera och genomf\u00f6ra ett acceleratorprogram f\u00f6r framtidens h\u00e5llbara handel. Programmet har utvecklats vid f\u00f6retagsinkubatorn eXpression Ume\u00e5 och syftet har varit att skapa f\u00f6ruts\u00e4ttningar f\u00f6r f\u00f6retag att utveckla och f\u00f6rfina sina aff\u00e4rsmodeller, hitta samverkansmodeller och v\u00e4xa h\u00e5llbart ur ett ekonomiskt, socialt och milj\u00f6m\u00e4ssigt perspektiv.","og_url":"https:\/\/expressionumea.se\/en\/the-expression-future-retail-lab-accelerator-programme-is-analysed\/","og_site_name":"eXpression Ume\u00e5","article_published_time":"2022-05-04T07:18:07+00:00","article_modified_time":"2023-08-03T20:05:29+00:00","og_image":[{"width":940,"height":627,"url":"https:\/\/expressionumea.se\/wp-content\/uploads\/2022\/05\/q8brgkwjwfyeeiohade7.jpg","type":"image\/jpeg"}],"author":"Anna Wikholm","twitter_card":"summary_large_image","twitter_misc":{"Written by":"Anna Wikholm","Estimated reading time":"4 minutes"},"schema":{"@context":"https:\/\/schema.org","@graph":[{"@type":"Article","@id":"https:\/\/expressionumea.se\/acceleratorprogrammet-expression-future-retail-lab-analyseras\/#article","isPartOf":{"@id":"https:\/\/expressionumea.se\/acceleratorprogrammet-expression-future-retail-lab-analyseras\/"},"author":{"name":"Anna Wikholm","@id":"https:\/\/expressionumea.se\/#\/schema\/person\/1e20558e56409dffe7180bdd0cc8f950"},"headline":"Acceleratorprogrammet eXpression Future Retail Lab analyseras","datePublished":"2022-05-04T07:18:07+00:00","dateModified":"2023-08-03T20:05:29+00:00","mainEntityOfPage":{"@id":"https:\/\/expressionumea.se\/acceleratorprogrammet-expression-future-retail-lab-analyseras\/"},"wordCount":768,"publisher":{"@id":"https:\/\/expressionumea.se\/#organization"},"image":{"@id":"https:\/\/expressionumea.se\/acceleratorprogrammet-expression-future-retail-lab-analyseras\/#primaryimage"},"thumbnailUrl":"https:\/\/expressionumea.se\/wp-content\/uploads\/2022\/05\/q8brgkwjwfyeeiohade7.jpg","keywords":["Framtidens H\u00e5llbara Bes\u00f6ksn\u00e4ring","Future Retail Lab"],"articleSection":["Future Retail Lab"],"inLanguage":"en-GB"},{"@type":"WebPage","@id":"https:\/\/expressionumea.se\/acceleratorprogrammet-expression-future-retail-lab-analyseras\/","url":"https:\/\/expressionumea.se\/acceleratorprogrammet-expression-future-retail-lab-analyseras\/","name":"The eXpression Future Retail Lab accelerator programme is analysed - eXpression Ume\u00e5","isPartOf":{"@id":"https:\/\/expressionumea.se\/#website"},"primaryImageOfPage":{"@id":"https:\/\/expressionumea.se\/acceleratorprogrammet-expression-future-retail-lab-analyseras\/#primaryimage"},"image":{"@id":"https:\/\/expressionumea.se\/acceleratorprogrammet-expression-future-retail-lab-analyseras\/#primaryimage"},"thumbnailUrl":"https:\/\/expressionumea.se\/wp-content\/uploads\/2022\/05\/q8brgkwjwfyeeiohade7.jpg","datePublished":"2022-05-04T07:18:07+00:00","dateModified":"2023-08-03T20:05:29+00:00","breadcrumb":{"@id":"https:\/\/expressionumea.se\/acceleratorprogrammet-expression-future-retail-lab-analyseras\/#breadcrumb"},"inLanguage":"en-GB","potentialAction":[{"@type":"ReadAction","target":["https:\/\/expressionumea.se\/acceleratorprogrammet-expression-future-retail-lab-analyseras\/"]}]},{"@type":"ImageObject","inLanguage":"en-GB","@id":"https:\/\/expressionumea.se\/acceleratorprogrammet-expression-future-retail-lab-analyseras\/#primaryimage","url":"https:\/\/expressionumea.se\/wp-content\/uploads\/2022\/05\/q8brgkwjwfyeeiohade7.jpg","contentUrl":"https:\/\/expressionumea.se\/wp-content\/uploads\/2022\/05\/q8brgkwjwfyeeiohade7.jpg","width":940,"height":627},{"@type":"BreadcrumbList","@id":"https:\/\/expressionumea.se\/acceleratorprogrammet-expression-future-retail-lab-analyseras\/#breadcrumb","itemListElement":[{"@type":"ListItem","position":1,"name":"Hem","item":"https:\/\/expressionumea.se\/"},{"@type":"ListItem","position":2,"name":"Acceleratorprogrammet eXpression Future Retail Lab analyseras"}]},{"@type":"WebSite","@id":"https:\/\/expressionumea.se\/#website","url":"https:\/\/expressionumea.se\/","name":"eXpression Ume\u00e5","description":"Creative minds unite","publisher":{"@id":"https:\/\/expressionumea.se\/#organization"},"potentialAction":[{"@type":"SearchAction","target":{"@type":"EntryPoint","urlTemplate":"https:\/\/expressionumea.se\/?s={search_term_string}"},"query-input":{"@type":"PropertyValueSpecification","valueRequired":true,"valueName":"search_term_string"}}],"inLanguage":"en-GB"},{"@type":"Organization","@id":"https:\/\/expressionumea.se\/#organization","name":"eXpression Ume\u00e5","url":"https:\/\/expressionumea.se\/","logo":{"@type":"ImageObject","inLanguage":"en-GB","@id":"https:\/\/expressionumea.se\/#\/schema\/logo\/image\/","url":"https:\/\/expressionumea.se\/wp-content\/uploads\/2020\/06\/expression-ume-logotyp.png","contentUrl":"https:\/\/expressionumea.se\/wp-content\/uploads\/2020\/06\/expression-ume-logotyp.png","width":375,"height":98,"caption":"eXpression Ume\u00e5"},"image":{"@id":"https:\/\/expressionumea.se\/#\/schema\/logo\/image\/"}},{"@type":"Person","@id":"https:\/\/expressionumea.se\/#\/schema\/person\/1e20558e56409dffe7180bdd0cc8f950","name":"Anna Wikholm","image":{"@type":"ImageObject","inLanguage":"en-GB","@id":"https:\/\/secure.gravatar.com\/avatar\/1c3905f82cd6d252f8e42b7cd65dfc9eafd3cfde5cef18d2c6fb15461c2ff59d?s=96&d=mm&r=g","url":"https:\/\/secure.gravatar.com\/avatar\/1c3905f82cd6d252f8e42b7cd65dfc9eafd3cfde5cef18d2c6fb15461c2ff59d?s=96&d=mm&r=g","contentUrl":"https:\/\/secure.gravatar.com\/avatar\/1c3905f82cd6d252f8e42b7cd65dfc9eafd3cfde5cef18d2c6fb15461c2ff59d?s=96&d=mm&r=g","caption":"Anna Wikholm"},"url":"https:\/\/expressionumea.se\/en\/author\/anna-wikholm\/"}]}},"_links":{"self":[{"href":"https:\/\/expressionumea.se\/en\/wp-json\/wp\/v2\/posts\/20231","targetHints":{"allow":["GET"]}}],"collection":[{"href":"https:\/\/expressionumea.se\/en\/wp-json\/wp\/v2\/posts"}],"about":[{"href":"https:\/\/expressionumea.se\/en\/wp-json\/wp\/v2\/types\/post"}],"author":[{"embeddable":true,"href":"https:\/\/expressionumea.se\/en\/wp-json\/wp\/v2\/users\/4"}],"replies":[{"embeddable":true,"href":"https:\/\/expressionumea.se\/en\/wp-json\/wp\/v2\/comments?post=20231"}],"version-history":[{"count":14,"href":"https:\/\/expressionumea.se\/en\/wp-json\/wp\/v2\/posts\/20231\/revisions"}],"predecessor-version":[{"id":20305,"href":"https:\/\/expressionumea.se\/en\/wp-json\/wp\/v2\/posts\/20231\/revisions\/20305"}],"wp:featuredmedia":[{"embeddable":true,"href":"https:\/\/expressionumea.se\/en\/wp-json\/wp\/v2\/media\/21231"}],"wp:attachment":[{"href":"https:\/\/expressionumea.se\/en\/wp-json\/wp\/v2\/media?parent=20231"}],"wp:term":[{"taxonomy":"category","embeddable":true,"href":"https:\/\/expressionumea.se\/en\/wp-json\/wp\/v2\/categories?post=20231"},{"taxonomy":"post_tag","embeddable":true,"href":"https:\/\/expressionumea.se\/en\/wp-json\/wp\/v2\/tags?post=20231"},{"taxonomy":"eu-finansiering","embeddable":true,"href":"https:\/\/expressionumea.se\/en\/wp-json\/wp\/v2\/eu-finansiering?post=20231"},{"taxonomy":"artikeltyp","embeddable":true,"href":"https:\/\/expressionumea.se\/en\/wp-json\/wp\/v2\/artikeltyp?post=20231"}],"curies":[{"name":"wp","href":"https:\/\/api.w.org\/{rel}","templated":true}]}}