{"id":23296,"date":"2023-05-26T15:25:42","date_gmt":"2023-05-26T13:25:42","guid":{"rendered":"https:\/\/expressionumea.se\/?p=23296"},"modified":"2023-08-03T22:02:32","modified_gmt":"2023-08-03T20:02:32","slug":"students-questions-became-the-visual-identity-of-the-exhibition","status":"publish","type":"post","link":"https:\/\/expressionumea.se\/en\/studenternas-fragor-blev-utstallningens-visuella-identitet\/","title":{"rendered":"The students' questions became the visual identity of the exhibition."},"content":{"rendered":"<p><strong>Today sees the opening of the \"UMA 2023 End of Year Exhibition\" - an exhibition by students at the Ume\u00e5 School of Architecture. Behind the visual identity is the company Studio Sirka, run by artist and graphic designer Gustav Skoogh.<\/strong><\/p>\n\n\n\n<blockquote class=\"wp-block-quote is-layout-flow wp-block-quote-is-layout-flow\">\n<p>It was an honour to get the assignment! My idea is that the identity should serve as an entry point and create curiosity. It's so boring to just read \"final exhibition\", you've read it a hundred times. It became interesting when we chose to use the students' questions as a supporting element and let the exhibition itself stand in the background,\" he says. <strong>Gustav Skoogh<\/strong>.<\/p>\n<\/blockquote>\n\n\n\n<figure class=\"wp-block-gallery has-nested-images columns-default is-cropped wp-block-gallery-1 is-layout-flex wp-block-gallery-is-layout-flex\">\n<figure class=\"wp-block-image size-large\"><img fetchpriority=\"high\" decoding=\"async\" width=\"768\" height=\"1024\" data-id=\"23306\" src=\"https:\/\/expressionumea.se\/wp-content\/uploads\/2023\/05\/Foto-2023-05-25-11-29-40-768x1024.jpg\" alt=\"\" class=\"wp-image-23306\" srcset=\"https:\/\/expressionumea.se\/wp-content\/uploads\/2023\/05\/Foto-2023-05-25-11-29-40-768x1024.jpg 768w, https:\/\/expressionumea.se\/wp-content\/uploads\/2023\/05\/Foto-2023-05-25-11-29-40-225x300.jpg 225w, https:\/\/expressionumea.se\/wp-content\/uploads\/2023\/05\/Foto-2023-05-25-11-29-40-1152x1536.jpg 1152w, https:\/\/expressionumea.se\/wp-content\/uploads\/2023\/05\/Foto-2023-05-25-11-29-40-1536x2048.jpg 1536w, https:\/\/expressionumea.se\/wp-content\/uploads\/2023\/05\/Foto-2023-05-25-11-29-40-9x12.jpg 9w, https:\/\/expressionumea.se\/wp-content\/uploads\/2023\/05\/Foto-2023-05-25-11-29-40-scaled.jpg 1920w\" sizes=\"(max-width: 768px) 100vw, 768px\" \/><\/figure>\n\n\n\n<figure class=\"wp-block-image size-large\"><img decoding=\"async\" width=\"768\" height=\"1024\" data-id=\"23303\" src=\"https:\/\/expressionumea.se\/wp-content\/uploads\/2023\/05\/Foto-2023-05-25-10-53-10-768x1024.jpg\" alt=\"\" class=\"wp-image-23303\" srcset=\"https:\/\/expressionumea.se\/wp-content\/uploads\/2023\/05\/Foto-2023-05-25-10-53-10-768x1024.jpg 768w, https:\/\/expressionumea.se\/wp-content\/uploads\/2023\/05\/Foto-2023-05-25-10-53-10-225x300.jpg 225w, https:\/\/expressionumea.se\/wp-content\/uploads\/2023\/05\/Foto-2023-05-25-10-53-10-1152x1536.jpg 1152w, https:\/\/expressionumea.se\/wp-content\/uploads\/2023\/05\/Foto-2023-05-25-10-53-10-1536x2048.jpg 1536w, https:\/\/expressionumea.se\/wp-content\/uploads\/2023\/05\/Foto-2023-05-25-10-53-10-9x12.jpg 9w, https:\/\/expressionumea.se\/wp-content\/uploads\/2023\/05\/Foto-2023-05-25-10-53-10-scaled.jpg 1920w\" sizes=\"(max-width: 768px) 100vw, 768px\" \/><\/figure>\n\n\n\n<figure class=\"wp-block-image size-large\"><img decoding=\"async\" width=\"768\" height=\"1024\" data-id=\"23302\" src=\"https:\/\/expressionumea.se\/wp-content\/uploads\/2023\/05\/Foto-2023-05-25-14-15-11-768x1024.jpg\" alt=\"\" class=\"wp-image-23302\" srcset=\"https:\/\/expressionumea.se\/wp-content\/uploads\/2023\/05\/Foto-2023-05-25-14-15-11-768x1024.jpg 768w, https:\/\/expressionumea.se\/wp-content\/uploads\/2023\/05\/Foto-2023-05-25-14-15-11-225x300.jpg 225w, https:\/\/expressionumea.se\/wp-content\/uploads\/2023\/05\/Foto-2023-05-25-14-15-11-1152x1536.jpg 1152w, https:\/\/expressionumea.se\/wp-content\/uploads\/2023\/05\/Foto-2023-05-25-14-15-11-1536x2048.jpg 1536w, https:\/\/expressionumea.se\/wp-content\/uploads\/2023\/05\/Foto-2023-05-25-14-15-11-9x12.jpg 9w, https:\/\/expressionumea.se\/wp-content\/uploads\/2023\/05\/Foto-2023-05-25-14-15-11-scaled.jpg 1920w\" sizes=\"(max-width: 768px) 100vw, 768px\" \/><\/figure>\n\n\n\n<figure class=\"wp-block-image size-large\"><img loading=\"lazy\" decoding=\"async\" width=\"626\" height=\"1024\" data-id=\"23304\" src=\"https:\/\/expressionumea.se\/wp-content\/uploads\/2023\/05\/IMG_5194-626x1024.jpg\" alt=\"\" class=\"wp-image-23304\" srcset=\"https:\/\/expressionumea.se\/wp-content\/uploads\/2023\/05\/IMG_5194-626x1024.jpg 626w, https:\/\/expressionumea.se\/wp-content\/uploads\/2023\/05\/IMG_5194-184x300.jpg 184w, https:\/\/expressionumea.se\/wp-content\/uploads\/2023\/05\/IMG_5194-768x1255.jpg 768w, https:\/\/expressionumea.se\/wp-content\/uploads\/2023\/05\/IMG_5194-940x1536.jpg 940w, https:\/\/expressionumea.se\/wp-content\/uploads\/2023\/05\/IMG_5194-7x12.jpg 7w, https:\/\/expressionumea.se\/wp-content\/uploads\/2023\/05\/IMG_5194.jpg 1169w\" sizes=\"(max-width: 626px) 100vw, 626px\" \/><\/figure>\n\n\n\n<figure class=\"wp-block-image size-large\"><img loading=\"lazy\" decoding=\"async\" width=\"768\" height=\"1024\" data-id=\"23305\" src=\"https:\/\/expressionumea.se\/wp-content\/uploads\/2023\/05\/IMG_72551.jpg\" alt=\"\" class=\"wp-image-23305\" srcset=\"https:\/\/expressionumea.se\/wp-content\/uploads\/2023\/05\/IMG_72551.jpg 768w, https:\/\/expressionumea.se\/wp-content\/uploads\/2023\/05\/IMG_72551-225x300.jpg 225w, https:\/\/expressionumea.se\/wp-content\/uploads\/2023\/05\/IMG_72551-9x12.jpg 9w\" sizes=\"(max-width: 768px) 100vw, 768px\" \/><\/figure>\n<\/figure>\n\n\n\n<p>The work has been done in close co-operation with the School of Architecture's exhibition team and has a clear DIY spirit. They print their own prints and all materials (such as street talkers, etc.) have been built in the school's workshop. <\/p>\n\n\n\n<blockquote class=\"wp-block-quote is-layout-flow wp-block-quote-is-layout-flow\">\n<p>We have also worked with a pink paper that is usually used as drawing paper on a roll. Traditionally, it is intended for colour-coded electrical drawings. The pink colour is a load-bearing element that stands out, says <strong>Gustav<\/strong>.<\/p>\n<\/blockquote>\n\n\n\n<p>The exhibition's graphic identity can be seen around the city. <a href=\"http:\/\/The UMA End of Year Exhibition celebrates the work of the whole school, ranging from first to fifth year, with a special focus on our graduating master students. We warmly invite members of the public, alongside prospective students, researchers and employers curious to find out more about what our students are working on.\">To find out more about the exhibition, visit the School of Architecture website.<\/a><\/p>\n\n\n\n<p><a href=\"https:\/\/www.instagram.com\/studiosirka\/\">Be sure to follow Studio Sirka on Instagram.<\/a><\/p>","protected":false},"excerpt":{"rendered":"<p>Idag \u00f6ppnar &#8221;UMA 2023 End of Year Exhibition&#8221; \u2013 en utst\u00e4llning av studenterna vid arkitekth\u00f6gskolan i Ume\u00e5. Bakom den visuella identiteten st\u00e5r f\u00f6retaget Studio Sirka som drivs av konstn\u00e4ren och den grafiska designern Gustav Skoogh. Det var \u00e4rofyllt att f\u00e5 uppdraget! Min tanke \u00e4r att identiteten ska fungera som en ing\u00e5ng och skapa nyfikenhet. Det [&hellip;]<\/p>\n","protected":false},"author":6,"featured_media":23297,"comment_status":"closed","ping_status":"open","sticky":false,"template":"","format":"standard","meta":{"footnotes":""},"categories":[335,659],"tags":[897,898],"eu-finansiering":[],"artikeltyp":[628],"class_list":["post-23296","post","type-post","status-publish","format-standard","has-post-thumbnail","hentry","category-creatives","category-design","tag-gustav-skoogh","tag-studio-sirka","search-category-artikel","artikeltyp-nyheter"],"yoast_head":"<!-- This site is optimized with the Yoast SEO plugin v27.2 - https:\/\/yoast.com\/product\/yoast-seo-wordpress\/ -->\n<title>Studenternas fr\u00e5gor blev utst\u00e4llningens visuella identitet - eXpression Ume\u00e5<\/title>\n<meta name=\"robots\" content=\"index, follow, max-snippet:-1, max-image-preview:large, max-video-preview:-1\" \/>\n<link rel=\"canonical\" href=\"https:\/\/expressionumea.se\/en\/students-questions-became-the-visual-identity-of-the-exhibition\/\" \/>\n<meta property=\"og:locale\" content=\"en_GB\" \/>\n<meta property=\"og:type\" content=\"article\" \/>\n<meta property=\"og:title\" content=\"Studenternas fr\u00e5gor blev utst\u00e4llningens visuella identitet - eXpression Ume\u00e5\" \/>\n<meta property=\"og:description\" content=\"Idag \u00f6ppnar &#8221;UMA 2023 End of Year Exhibition&#8221; \u2013 en utst\u00e4llning av studenterna vid arkitekth\u00f6gskolan i Ume\u00e5. Bakom den visuella identiteten st\u00e5r f\u00f6retaget Studio Sirka som drivs av konstn\u00e4ren och den grafiska designern Gustav Skoogh. Det var \u00e4rofyllt att f\u00e5 uppdraget! Min tanke \u00e4r att identiteten ska fungera som en ing\u00e5ng och skapa nyfikenhet. Det [&hellip;]\" \/>\n<meta property=\"og:url\" content=\"https:\/\/expressionumea.se\/en\/students-questions-became-the-visual-identity-of-the-exhibition\/\" \/>\n<meta property=\"og:site_name\" content=\"eXpression Ume\u00e5\" \/>\n<meta property=\"article:published_time\" content=\"2023-05-26T13:25:42+00:00\" \/>\n<meta property=\"article:modified_time\" content=\"2023-08-03T20:02:32+00:00\" \/>\n<meta property=\"og:image\" content=\"https:\/\/expressionumea.se\/wp-content\/uploads\/2023\/05\/Skarmavbild-2023-05-26-kl.-14.41.23.png\" \/>\n\t<meta property=\"og:image:width\" content=\"2004\" \/>\n\t<meta property=\"og:image:height\" content=\"1128\" \/>\n\t<meta property=\"og:image:type\" content=\"image\/png\" \/>\n<meta name=\"author\" content=\"Emil H\u00e4gglund\" \/>\n<meta name=\"twitter:card\" content=\"summary_large_image\" \/>\n<meta name=\"twitter:label1\" content=\"Written by\" \/>\n\t<meta name=\"twitter:data1\" content=\"Emil H\u00e4gglund\" \/>\n\t<meta name=\"twitter:label2\" content=\"Estimated reading time\" \/>\n\t<meta name=\"twitter:data2\" content=\"2 minutes\" \/>\n<script type=\"application\/ld+json\" class=\"yoast-schema-graph\">{\"@context\":\"https:\/\/schema.org\",\"@graph\":[{\"@type\":\"Article\",\"@id\":\"https:\/\/expressionumea.se\/studenternas-fragor-blev-utstallningens-visuella-identitet\/#article\",\"isPartOf\":{\"@id\":\"https:\/\/expressionumea.se\/studenternas-fragor-blev-utstallningens-visuella-identitet\/\"},\"author\":{\"name\":\"Emil H\u00e4gglund\",\"@id\":\"https:\/\/expressionumea.se\/#\/schema\/person\/f215c002f05a579f8f2e2fd74038215c\"},\"headline\":\"Studenternas fr\u00e5gor blev utst\u00e4llningens visuella identitet\",\"datePublished\":\"2023-05-26T13:25:42+00:00\",\"dateModified\":\"2023-08-03T20:02:32+00:00\",\"mainEntityOfPage\":{\"@id\":\"https:\/\/expressionumea.se\/studenternas-fragor-blev-utstallningens-visuella-identitet\/\"},\"wordCount\":230,\"publisher\":{\"@id\":\"https:\/\/expressionumea.se\/#organization\"},\"image\":{\"@id\":\"https:\/\/expressionumea.se\/studenternas-fragor-blev-utstallningens-visuella-identitet\/#primaryimage\"},\"thumbnailUrl\":\"https:\/\/expressionumea.se\/wp-content\/uploads\/2023\/05\/Skarmavbild-2023-05-26-kl.-14.41.23.png\",\"keywords\":[\"Gustav Skoogh\",\"Studio Sirka\"],\"articleSection\":[\"Creatives\",\"Design\"],\"inLanguage\":\"en-GB\"},{\"@type\":\"WebPage\",\"@id\":\"https:\/\/expressionumea.se\/studenternas-fragor-blev-utstallningens-visuella-identitet\/\",\"url\":\"https:\/\/expressionumea.se\/studenternas-fragor-blev-utstallningens-visuella-identitet\/\",\"name\":\"Studenternas fr\u00e5gor blev utst\u00e4llningens visuella identitet - eXpression Ume\u00e5\",\"isPartOf\":{\"@id\":\"https:\/\/expressionumea.se\/#website\"},\"primaryImageOfPage\":{\"@id\":\"https:\/\/expressionumea.se\/studenternas-fragor-blev-utstallningens-visuella-identitet\/#primaryimage\"},\"image\":{\"@id\":\"https:\/\/expressionumea.se\/studenternas-fragor-blev-utstallningens-visuella-identitet\/#primaryimage\"},\"thumbnailUrl\":\"https:\/\/expressionumea.se\/wp-content\/uploads\/2023\/05\/Skarmavbild-2023-05-26-kl.-14.41.23.png\",\"datePublished\":\"2023-05-26T13:25:42+00:00\",\"dateModified\":\"2023-08-03T20:02:32+00:00\",\"breadcrumb\":{\"@id\":\"https:\/\/expressionumea.se\/studenternas-fragor-blev-utstallningens-visuella-identitet\/#breadcrumb\"},\"inLanguage\":\"en-GB\",\"potentialAction\":[{\"@type\":\"ReadAction\",\"target\":[\"https:\/\/expressionumea.se\/studenternas-fragor-blev-utstallningens-visuella-identitet\/\"]}]},{\"@type\":\"ImageObject\",\"inLanguage\":\"en-GB\",\"@id\":\"https:\/\/expressionumea.se\/studenternas-fragor-blev-utstallningens-visuella-identitet\/#primaryimage\",\"url\":\"https:\/\/expressionumea.se\/wp-content\/uploads\/2023\/05\/Skarmavbild-2023-05-26-kl.-14.41.23.png\",\"contentUrl\":\"https:\/\/expressionumea.se\/wp-content\/uploads\/2023\/05\/Skarmavbild-2023-05-26-kl.-14.41.23.png\",\"width\":2004,\"height\":1128},{\"@type\":\"BreadcrumbList\",\"@id\":\"https:\/\/expressionumea.se\/studenternas-fragor-blev-utstallningens-visuella-identitet\/#breadcrumb\",\"itemListElement\":[{\"@type\":\"ListItem\",\"position\":1,\"name\":\"Hem\",\"item\":\"https:\/\/expressionumea.se\/\"},{\"@type\":\"ListItem\",\"position\":2,\"name\":\"Studenternas fr\u00e5gor blev utst\u00e4llningens visuella identitet\"}]},{\"@type\":\"WebSite\",\"@id\":\"https:\/\/expressionumea.se\/#website\",\"url\":\"https:\/\/expressionumea.se\/\",\"name\":\"eXpression Ume\u00e5\",\"description\":\"Creative minds unite\",\"publisher\":{\"@id\":\"https:\/\/expressionumea.se\/#organization\"},\"potentialAction\":[{\"@type\":\"SearchAction\",\"target\":{\"@type\":\"EntryPoint\",\"urlTemplate\":\"https:\/\/expressionumea.se\/?s={search_term_string}\"},\"query-input\":{\"@type\":\"PropertyValueSpecification\",\"valueRequired\":true,\"valueName\":\"search_term_string\"}}],\"inLanguage\":\"en-GB\"},{\"@type\":\"Organization\",\"@id\":\"https:\/\/expressionumea.se\/#organization\",\"name\":\"eXpression Ume\u00e5\",\"url\":\"https:\/\/expressionumea.se\/\",\"logo\":{\"@type\":\"ImageObject\",\"inLanguage\":\"en-GB\",\"@id\":\"https:\/\/expressionumea.se\/#\/schema\/logo\/image\/\",\"url\":\"https:\/\/expressionumea.se\/wp-content\/uploads\/2020\/06\/expression-ume-logotyp.png\",\"contentUrl\":\"https:\/\/expressionumea.se\/wp-content\/uploads\/2020\/06\/expression-ume-logotyp.png\",\"width\":375,\"height\":98,\"caption\":\"eXpression Ume\u00e5\"},\"image\":{\"@id\":\"https:\/\/expressionumea.se\/#\/schema\/logo\/image\/\"}},{\"@type\":\"Person\",\"@id\":\"https:\/\/expressionumea.se\/#\/schema\/person\/f215c002f05a579f8f2e2fd74038215c\",\"name\":\"Emil H\u00e4gglund\",\"image\":{\"@type\":\"ImageObject\",\"inLanguage\":\"en-GB\",\"@id\":\"https:\/\/secure.gravatar.com\/avatar\/eb6d13e9356b6e176ecf79bc75d391596faef394c3bae44b2c54063cbd221aef?s=96&d=mm&r=g\",\"url\":\"https:\/\/secure.gravatar.com\/avatar\/eb6d13e9356b6e176ecf79bc75d391596faef394c3bae44b2c54063cbd221aef?s=96&d=mm&r=g\",\"contentUrl\":\"https:\/\/secure.gravatar.com\/avatar\/eb6d13e9356b6e176ecf79bc75d391596faef394c3bae44b2c54063cbd221aef?s=96&d=mm&r=g\",\"caption\":\"Emil H\u00e4gglund\"},\"url\":\"https:\/\/expressionumea.se\/en\/author\/emil\/\"}]}<\/script>\n<!-- \/ Yoast SEO plugin. -->","yoast_head_json":{"title":"Students' questions became the exhibition's visual identity - eXpression Ume\u00e5.","robots":{"index":"index","follow":"follow","max-snippet":"max-snippet:-1","max-image-preview":"max-image-preview:large","max-video-preview":"max-video-preview:-1"},"canonical":"https:\/\/expressionumea.se\/en\/students-questions-became-the-visual-identity-of-the-exhibition\/","og_locale":"en_GB","og_type":"article","og_title":"Studenternas fr\u00e5gor blev utst\u00e4llningens visuella identitet - eXpression Ume\u00e5","og_description":"Idag \u00f6ppnar &#8221;UMA 2023 End of Year Exhibition&#8221; \u2013 en utst\u00e4llning av studenterna vid arkitekth\u00f6gskolan i Ume\u00e5. Bakom den visuella identiteten st\u00e5r f\u00f6retaget Studio Sirka som drivs av konstn\u00e4ren och den grafiska designern Gustav Skoogh. Det var \u00e4rofyllt att f\u00e5 uppdraget! Min tanke \u00e4r att identiteten ska fungera som en ing\u00e5ng och skapa nyfikenhet. Det [&hellip;]","og_url":"https:\/\/expressionumea.se\/en\/students-questions-became-the-visual-identity-of-the-exhibition\/","og_site_name":"eXpression Ume\u00e5","article_published_time":"2023-05-26T13:25:42+00:00","article_modified_time":"2023-08-03T20:02:32+00:00","og_image":[{"width":2004,"height":1128,"url":"https:\/\/expressionumea.se\/wp-content\/uploads\/2023\/05\/Skarmavbild-2023-05-26-kl.-14.41.23.png","type":"image\/png"}],"author":"Emil H\u00e4gglund","twitter_card":"summary_large_image","twitter_misc":{"Written by":"Emil H\u00e4gglund","Estimated reading time":"2 minutes"},"schema":{"@context":"https:\/\/schema.org","@graph":[{"@type":"Article","@id":"https:\/\/expressionumea.se\/studenternas-fragor-blev-utstallningens-visuella-identitet\/#article","isPartOf":{"@id":"https:\/\/expressionumea.se\/studenternas-fragor-blev-utstallningens-visuella-identitet\/"},"author":{"name":"Emil H\u00e4gglund","@id":"https:\/\/expressionumea.se\/#\/schema\/person\/f215c002f05a579f8f2e2fd74038215c"},"headline":"Studenternas fr\u00e5gor blev utst\u00e4llningens visuella identitet","datePublished":"2023-05-26T13:25:42+00:00","dateModified":"2023-08-03T20:02:32+00:00","mainEntityOfPage":{"@id":"https:\/\/expressionumea.se\/studenternas-fragor-blev-utstallningens-visuella-identitet\/"},"wordCount":230,"publisher":{"@id":"https:\/\/expressionumea.se\/#organization"},"image":{"@id":"https:\/\/expressionumea.se\/studenternas-fragor-blev-utstallningens-visuella-identitet\/#primaryimage"},"thumbnailUrl":"https:\/\/expressionumea.se\/wp-content\/uploads\/2023\/05\/Skarmavbild-2023-05-26-kl.-14.41.23.png","keywords":["Gustav Skoogh","Studio Sirka"],"articleSection":["Creatives","Design"],"inLanguage":"en-GB"},{"@type":"WebPage","@id":"https:\/\/expressionumea.se\/studenternas-fragor-blev-utstallningens-visuella-identitet\/","url":"https:\/\/expressionumea.se\/studenternas-fragor-blev-utstallningens-visuella-identitet\/","name":"Students' questions became the exhibition's visual identity - eXpression Ume\u00e5.","isPartOf":{"@id":"https:\/\/expressionumea.se\/#website"},"primaryImageOfPage":{"@id":"https:\/\/expressionumea.se\/studenternas-fragor-blev-utstallningens-visuella-identitet\/#primaryimage"},"image":{"@id":"https:\/\/expressionumea.se\/studenternas-fragor-blev-utstallningens-visuella-identitet\/#primaryimage"},"thumbnailUrl":"https:\/\/expressionumea.se\/wp-content\/uploads\/2023\/05\/Skarmavbild-2023-05-26-kl.-14.41.23.png","datePublished":"2023-05-26T13:25:42+00:00","dateModified":"2023-08-03T20:02:32+00:00","breadcrumb":{"@id":"https:\/\/expressionumea.se\/studenternas-fragor-blev-utstallningens-visuella-identitet\/#breadcrumb"},"inLanguage":"en-GB","potentialAction":[{"@type":"ReadAction","target":["https:\/\/expressionumea.se\/studenternas-fragor-blev-utstallningens-visuella-identitet\/"]}]},{"@type":"ImageObject","inLanguage":"en-GB","@id":"https:\/\/expressionumea.se\/studenternas-fragor-blev-utstallningens-visuella-identitet\/#primaryimage","url":"https:\/\/expressionumea.se\/wp-content\/uploads\/2023\/05\/Skarmavbild-2023-05-26-kl.-14.41.23.png","contentUrl":"https:\/\/expressionumea.se\/wp-content\/uploads\/2023\/05\/Skarmavbild-2023-05-26-kl.-14.41.23.png","width":2004,"height":1128},{"@type":"BreadcrumbList","@id":"https:\/\/expressionumea.se\/studenternas-fragor-blev-utstallningens-visuella-identitet\/#breadcrumb","itemListElement":[{"@type":"ListItem","position":1,"name":"Hem","item":"https:\/\/expressionumea.se\/"},{"@type":"ListItem","position":2,"name":"Studenternas fr\u00e5gor blev utst\u00e4llningens visuella identitet"}]},{"@type":"WebSite","@id":"https:\/\/expressionumea.se\/#website","url":"https:\/\/expressionumea.se\/","name":"eXpression Ume\u00e5","description":"Creative minds unite","publisher":{"@id":"https:\/\/expressionumea.se\/#organization"},"potentialAction":[{"@type":"SearchAction","target":{"@type":"EntryPoint","urlTemplate":"https:\/\/expressionumea.se\/?s={search_term_string}"},"query-input":{"@type":"PropertyValueSpecification","valueRequired":true,"valueName":"search_term_string"}}],"inLanguage":"en-GB"},{"@type":"Organization","@id":"https:\/\/expressionumea.se\/#organization","name":"eXpression Ume\u00e5","url":"https:\/\/expressionumea.se\/","logo":{"@type":"ImageObject","inLanguage":"en-GB","@id":"https:\/\/expressionumea.se\/#\/schema\/logo\/image\/","url":"https:\/\/expressionumea.se\/wp-content\/uploads\/2020\/06\/expression-ume-logotyp.png","contentUrl":"https:\/\/expressionumea.se\/wp-content\/uploads\/2020\/06\/expression-ume-logotyp.png","width":375,"height":98,"caption":"eXpression Ume\u00e5"},"image":{"@id":"https:\/\/expressionumea.se\/#\/schema\/logo\/image\/"}},{"@type":"Person","@id":"https:\/\/expressionumea.se\/#\/schema\/person\/f215c002f05a579f8f2e2fd74038215c","name":"Emil H\u00e4gglund","image":{"@type":"ImageObject","inLanguage":"en-GB","@id":"https:\/\/secure.gravatar.com\/avatar\/eb6d13e9356b6e176ecf79bc75d391596faef394c3bae44b2c54063cbd221aef?s=96&d=mm&r=g","url":"https:\/\/secure.gravatar.com\/avatar\/eb6d13e9356b6e176ecf79bc75d391596faef394c3bae44b2c54063cbd221aef?s=96&d=mm&r=g","contentUrl":"https:\/\/secure.gravatar.com\/avatar\/eb6d13e9356b6e176ecf79bc75d391596faef394c3bae44b2c54063cbd221aef?s=96&d=mm&r=g","caption":"Emil H\u00e4gglund"},"url":"https:\/\/expressionumea.se\/en\/author\/emil\/"}]}},"_links":{"self":[{"href":"https:\/\/expressionumea.se\/en\/wp-json\/wp\/v2\/posts\/23296","targetHints":{"allow":["GET"]}}],"collection":[{"href":"https:\/\/expressionumea.se\/en\/wp-json\/wp\/v2\/posts"}],"about":[{"href":"https:\/\/expressionumea.se\/en\/wp-json\/wp\/v2\/types\/post"}],"author":[{"embeddable":true,"href":"https:\/\/expressionumea.se\/en\/wp-json\/wp\/v2\/users\/6"}],"replies":[{"embeddable":true,"href":"https:\/\/expressionumea.se\/en\/wp-json\/wp\/v2\/comments?post=23296"}],"version-history":[{"count":6,"href":"https:\/\/expressionumea.se\/en\/wp-json\/wp\/v2\/posts\/23296\/revisions"}],"predecessor-version":[{"id":23308,"href":"https:\/\/expressionumea.se\/en\/wp-json\/wp\/v2\/posts\/23296\/revisions\/23308"}],"wp:featuredmedia":[{"embeddable":true,"href":"https:\/\/expressionumea.se\/en\/wp-json\/wp\/v2\/media\/23297"}],"wp:attachment":[{"href":"https:\/\/expressionumea.se\/en\/wp-json\/wp\/v2\/media?parent=23296"}],"wp:term":[{"taxonomy":"category","embeddable":true,"href":"https:\/\/expressionumea.se\/en\/wp-json\/wp\/v2\/categories?post=23296"},{"taxonomy":"post_tag","embeddable":true,"href":"https:\/\/expressionumea.se\/en\/wp-json\/wp\/v2\/tags?post=23296"},{"taxonomy":"eu-finansiering","embeddable":true,"href":"https:\/\/expressionumea.se\/en\/wp-json\/wp\/v2\/eu-finansiering?post=23296"},{"taxonomy":"artikeltyp","embeddable":true,"href":"https:\/\/expressionumea.se\/en\/wp-json\/wp\/v2\/artikeltyp?post=23296"}],"curies":[{"name":"wp","href":"https:\/\/api.w.org\/{rel}","templated":true}]}}