{"id":24177,"date":"2023-10-11T13:59:33","date_gmt":"2023-10-11T11:59:33","guid":{"rendered":"https:\/\/expressionumea.se\/?p=24177"},"modified":"2023-10-11T14:10:21","modified_gmt":"2023-10-11T12:10:21","slug":"visionary-wine-and-bistro-le-garage-in-new-collaboration","status":"publish","type":"post","link":"https:\/\/expressionumea.se\/en\/visionary-wine-och-bistro-le-garage-i-nytt-samarbete\/","title":{"rendered":"Visionary Wine and Bistro le Garage in new collaboration"},"content":{"rendered":"<p><strong>The Ume\u00e5 company Visionary Wine, run by sommelier and gastronome Kristian R\u00f6nnlund, in collaboration with the restaurant Bistro Le Garage, has developed a new concept - wine education for anyone with a genuine interest in wine. This is something that has previously been offered primarily to professionals. Those interested in wine have the opportunity to develop their knowledge of wine, its aromas, origin, history, production methods and how it can be best combined with food.<\/strong>&nbsp;<\/p>\n\n\n\n<blockquote class=\"wp-block-quote is-layout-flow wp-block-quote-is-layout-flow\">\n<p>It can be seen as an evening sommelier training programme where participants can choose to participate in all or the segments that interest them. We will be held at <a href=\"https:\/\/bistrolegarage.com\/\">Bistro Le Garage<\/a> where I will share all my knowledge about the world of wine. The programme is divided by region, starting with the Rhone Valley and tasting wines from there with matched snacks. Then we'll move on to other wine regions, one by one,\" says Kristian.&nbsp;<\/p>\n<\/blockquote>\n\n\n\n<p>The meetings should be characterised by a relaxed and dynamic feeling where there is a high ceiling and the participants should feel involved. Kristian also wants to emphasise that the focus is not on drinking large amounts of wine, but on learning, inspiration and the social aspect that is at the centre.&nbsp;<\/p>\n\n\n\n<blockquote class=\"wp-block-quote is-layout-flow wp-block-quote-is-layout-flow\">\n<p>Of course, we will be tasting wine on all occasions, but I want people to be able to look at an activity like this in the same way as going to the cinema, for example. Some people enjoy watching films, while others are more interested in wine, its origins, history and how to best combine it with food. The alcohol is not the main thing, says Kristian.&nbsp;<\/p>\n<\/blockquote>\n\n\n\n<p>The meetings will take place at Bistro le Garage once a month starting on 31 October.&nbsp;<\/p>\n\n\n\n<blockquote class=\"wp-block-quote is-layout-flow wp-block-quote-is-layout-flow\">\n<p>I have always wanted my events to be characterised by a relaxed, lively and dynamic atmosphere. So it's great to be able to launch this concept at Bistro Le Garage. A company whose mottoes live in symbiosis with my own. My ambition is for this to become a recurring social activity for people interested in wine, so it feels fantastic to be able to do this together with Ume\u00e5's best neighbourhood restaurant,\" Kristian continues.&nbsp;&nbsp;<\/p>\n<\/blockquote>\n\n\n\n<div class=\"wp-block-columns is-layout-flex wp-container-core-columns-is-layout-28f84493 wp-block-columns-is-layout-flex\">\n<div class=\"wp-block-column is-layout-flow wp-block-column-is-layout-flow\">\n<figure class=\"wp-block-image size-large\"><img fetchpriority=\"high\" decoding=\"async\" width=\"734\" height=\"1024\" src=\"https:\/\/expressionumea.se\/wp-content\/uploads\/2023\/10\/image71-1-734x1024.jpeg\" alt=\"\" class=\"wp-image-24183\" srcset=\"https:\/\/expressionumea.se\/wp-content\/uploads\/2023\/10\/image71-1-734x1024.jpeg 734w, https:\/\/expressionumea.se\/wp-content\/uploads\/2023\/10\/image71-1-215x300.jpeg 215w, https:\/\/expressionumea.se\/wp-content\/uploads\/2023\/10\/image71-1-768x1071.jpeg 768w, https:\/\/expressionumea.se\/wp-content\/uploads\/2023\/10\/image71-1-1101x1536.jpeg 1101w, https:\/\/expressionumea.se\/wp-content\/uploads\/2023\/10\/image71-1-1468x2048.jpeg 1468w, https:\/\/expressionumea.se\/wp-content\/uploads\/2023\/10\/image71-1-9x12.jpeg 9w, https:\/\/expressionumea.se\/wp-content\/uploads\/2023\/10\/image71-1-scaled.jpeg 1835w\" sizes=\"(max-width: 734px) 100vw, 734px\" \/><figcaption class=\"wp-element-caption\">Kristian R\u00f6nnlund | Photo: Sindy Wu Nils\u00e9n<\/figcaption><\/figure>\n<\/div>\n\n\n\n<div class=\"wp-block-column is-layout-flow wp-block-column-is-layout-flow\">\n<figure class=\"wp-block-image size-large is-resized\"><img decoding=\"async\" src=\"https:\/\/expressionumea.se\/wp-content\/uploads\/2023\/10\/IMG_7569-607x1024.jpg\" alt=\"\" class=\"wp-image-24186\" width=\"332\" height=\"560\" srcset=\"https:\/\/expressionumea.se\/wp-content\/uploads\/2023\/10\/IMG_7569-607x1024.jpg 607w, https:\/\/expressionumea.se\/wp-content\/uploads\/2023\/10\/IMG_7569-178x300.jpg 178w, https:\/\/expressionumea.se\/wp-content\/uploads\/2023\/10\/IMG_7569-768x1295.jpg 768w, https:\/\/expressionumea.se\/wp-content\/uploads\/2023\/10\/IMG_7569-911x1536.jpg 911w, https:\/\/expressionumea.se\/wp-content\/uploads\/2023\/10\/IMG_7569-1214x2048.jpg 1214w, https:\/\/expressionumea.se\/wp-content\/uploads\/2023\/10\/IMG_7569-7x12.jpg 7w, https:\/\/expressionumea.se\/wp-content\/uploads\/2023\/10\/IMG_7569-scaled.jpg 1518w\" sizes=\"(max-width: 332px) 100vw, 332px\" \/><figcaption class=\"wp-element-caption\">Kristian R\u00f6nnlund | Photo: Sindy Wu Nils\u00e9n<\/figcaption><\/figure>\n<\/div>\n<\/div>\n\n\n\n<blockquote class=\"wp-block-quote is-layout-flow wp-block-quote-is-layout-flow\">\n<p>We like collaborations with local actors, so we are particularly pleased to work with Visionary Wine.Kristian has a broad and solid knowledge in his field. Through the collaboration, we will be able to further strengthen our brand and continue to offer fun and qualitative experiences outside the city centre,\" says Sindy Wu Nils\u00e9n and is supported by Victor Wu Nils\u00e9n, both owners of Bistro le Garage.&nbsp;<\/p>\n<\/blockquote>\n\n\n\n<p>Kristian has a background as head sommelier at K\u00f6ksbaren and has been running the company for a year now. <a href=\"https:\/\/visionarywine.se\/\">Visionary Wine<\/a>. Visionary Wine's main activity consists of wine tastings in a home environment. In addition, he also conducts research studies at Ume\u00e5 University where he is currently working on the research report \"Riesling in Rock\" about how music affects the sensory experience of wine. He describes the new collaboration with Bistro Le Garage as a perfect match between them and the tastings will be a further complement to each business.&nbsp;<\/p>\n\n\n\n<p>Text: Kristian R\u00f6nnlund, Visionary Wine<br>Photo: Sindy Wu Nils\u00e9n, Bistro le Garage<\/p>","protected":false},"excerpt":{"rendered":"<p>Ume\u00e5-based Visionary Wine, run by sommelier and gastronome Kristian R\u00f6nnlund, has teamed up with restaurant Bistro Le Garage to create a new concept - wine education for anyone with a genuine interest in wine. <\/p>","protected":false},"author":4,"featured_media":24178,"comment_status":"closed","ping_status":"open","sticky":false,"template":"","format":"standard","meta":{"footnotes":""},"categories":[664],"tags":[],"eu-finansiering":[],"artikeltyp":[628],"class_list":["post-24177","post","type-post","status-publish","format-standard","has-post-thumbnail","hentry","category-livsmedel-och-gastronomi","search-category-artikel","artikeltyp-nyheter"],"yoast_head":"<!-- This site is optimized with the Yoast SEO plugin v27.2 - https:\/\/yoast.com\/product\/yoast-seo-wordpress\/ -->\n<title>Visionary Wine och Bistro le Garage i nytt samarbete - eXpression Ume\u00e5<\/title>\n<meta name=\"robots\" content=\"index, follow, max-snippet:-1, max-image-preview:large, max-video-preview:-1\" \/>\n<link rel=\"canonical\" href=\"https:\/\/expressionumea.se\/en\/visionary-wine-and-bistro-le-garage-in-new-collaboration\/\" \/>\n<meta property=\"og:locale\" content=\"en_GB\" \/>\n<meta property=\"og:type\" content=\"article\" \/>\n<meta property=\"og:title\" content=\"Visionary Wine och Bistro le Garage i nytt samarbete - eXpression Ume\u00e5\" \/>\n<meta property=\"og:description\" content=\"Ume\u00e5f\u00f6retaget Visionary Wine som drivs av sommelieren och gastronomen Kristian R\u00f6nnlund har i samarbete med restaurang Bistro Le Garage utformat ett nytt koncept - vinutbildningar f\u00f6r alla med ett genuint vinintresse.\" \/>\n<meta property=\"og:url\" content=\"https:\/\/expressionumea.se\/en\/visionary-wine-and-bistro-le-garage-in-new-collaboration\/\" \/>\n<meta property=\"og:site_name\" content=\"eXpression Ume\u00e5\" \/>\n<meta property=\"article:published_time\" content=\"2023-10-11T11:59:33+00:00\" \/>\n<meta property=\"article:modified_time\" content=\"2023-10-11T12:10:21+00:00\" \/>\n<meta property=\"og:image\" content=\"https:\/\/expressionumea.se\/wp-content\/uploads\/2023\/10\/Hogupplost-scaled-e1697015030234.jpeg\" \/>\n\t<meta property=\"og:image:width\" content=\"1510\" \/>\n\t<meta property=\"og:image:height\" content=\"825\" \/>\n\t<meta property=\"og:image:type\" content=\"image\/jpeg\" \/>\n<meta name=\"author\" content=\"Anna Wikholm\" \/>\n<meta name=\"twitter:card\" content=\"summary_large_image\" \/>\n<meta name=\"twitter:label1\" content=\"Written by\" \/>\n\t<meta name=\"twitter:data1\" content=\"Anna Wikholm\" \/>\n\t<meta name=\"twitter:label2\" content=\"Estimated reading time\" \/>\n\t<meta name=\"twitter:data2\" content=\"3 minutes\" \/>\n<script type=\"application\/ld+json\" class=\"yoast-schema-graph\">{\"@context\":\"https:\/\/schema.org\",\"@graph\":[{\"@type\":\"Article\",\"@id\":\"https:\/\/expressionumea.se\/visionary-wine-och-bistro-le-garage-i-nytt-samarbete\/#article\",\"isPartOf\":{\"@id\":\"https:\/\/expressionumea.se\/visionary-wine-och-bistro-le-garage-i-nytt-samarbete\/\"},\"author\":{\"name\":\"Anna Wikholm\",\"@id\":\"https:\/\/expressionumea.se\/#\/schema\/person\/1e20558e56409dffe7180bdd0cc8f950\"},\"headline\":\"Visionary Wine och Bistro le Garage i nytt samarbete\",\"datePublished\":\"2023-10-11T11:59:33+00:00\",\"dateModified\":\"2023-10-11T12:10:21+00:00\",\"mainEntityOfPage\":{\"@id\":\"https:\/\/expressionumea.se\/visionary-wine-och-bistro-le-garage-i-nytt-samarbete\/\"},\"wordCount\":632,\"publisher\":{\"@id\":\"https:\/\/expressionumea.se\/#organization\"},\"image\":{\"@id\":\"https:\/\/expressionumea.se\/visionary-wine-och-bistro-le-garage-i-nytt-samarbete\/#primaryimage\"},\"thumbnailUrl\":\"https:\/\/expressionumea.se\/wp-content\/uploads\/2023\/10\/Hogupplost-scaled-e1697015030234.jpeg\",\"articleSection\":[\"Livsmedel och Gastronomi\"],\"inLanguage\":\"en-GB\"},{\"@type\":\"WebPage\",\"@id\":\"https:\/\/expressionumea.se\/visionary-wine-och-bistro-le-garage-i-nytt-samarbete\/\",\"url\":\"https:\/\/expressionumea.se\/visionary-wine-och-bistro-le-garage-i-nytt-samarbete\/\",\"name\":\"Visionary Wine och Bistro le Garage i nytt samarbete - eXpression Ume\u00e5\",\"isPartOf\":{\"@id\":\"https:\/\/expressionumea.se\/#website\"},\"primaryImageOfPage\":{\"@id\":\"https:\/\/expressionumea.se\/visionary-wine-och-bistro-le-garage-i-nytt-samarbete\/#primaryimage\"},\"image\":{\"@id\":\"https:\/\/expressionumea.se\/visionary-wine-och-bistro-le-garage-i-nytt-samarbete\/#primaryimage\"},\"thumbnailUrl\":\"https:\/\/expressionumea.se\/wp-content\/uploads\/2023\/10\/Hogupplost-scaled-e1697015030234.jpeg\",\"datePublished\":\"2023-10-11T11:59:33+00:00\",\"dateModified\":\"2023-10-11T12:10:21+00:00\",\"breadcrumb\":{\"@id\":\"https:\/\/expressionumea.se\/visionary-wine-och-bistro-le-garage-i-nytt-samarbete\/#breadcrumb\"},\"inLanguage\":\"en-GB\",\"potentialAction\":[{\"@type\":\"ReadAction\",\"target\":[\"https:\/\/expressionumea.se\/visionary-wine-och-bistro-le-garage-i-nytt-samarbete\/\"]}]},{\"@type\":\"ImageObject\",\"inLanguage\":\"en-GB\",\"@id\":\"https:\/\/expressionumea.se\/visionary-wine-och-bistro-le-garage-i-nytt-samarbete\/#primaryimage\",\"url\":\"https:\/\/expressionumea.se\/wp-content\/uploads\/2023\/10\/Hogupplost-scaled-e1697015030234.jpeg\",\"contentUrl\":\"https:\/\/expressionumea.se\/wp-content\/uploads\/2023\/10\/Hogupplost-scaled-e1697015030234.jpeg\",\"width\":1510,\"height\":825},{\"@type\":\"BreadcrumbList\",\"@id\":\"https:\/\/expressionumea.se\/visionary-wine-och-bistro-le-garage-i-nytt-samarbete\/#breadcrumb\",\"itemListElement\":[{\"@type\":\"ListItem\",\"position\":1,\"name\":\"Hem\",\"item\":\"https:\/\/expressionumea.se\/\"},{\"@type\":\"ListItem\",\"position\":2,\"name\":\"Visionary Wine och Bistro le Garage i nytt samarbete\"}]},{\"@type\":\"WebSite\",\"@id\":\"https:\/\/expressionumea.se\/#website\",\"url\":\"https:\/\/expressionumea.se\/\",\"name\":\"eXpression Ume\u00e5\",\"description\":\"Creative minds unite\",\"publisher\":{\"@id\":\"https:\/\/expressionumea.se\/#organization\"},\"potentialAction\":[{\"@type\":\"SearchAction\",\"target\":{\"@type\":\"EntryPoint\",\"urlTemplate\":\"https:\/\/expressionumea.se\/?s={search_term_string}\"},\"query-input\":{\"@type\":\"PropertyValueSpecification\",\"valueRequired\":true,\"valueName\":\"search_term_string\"}}],\"inLanguage\":\"en-GB\"},{\"@type\":\"Organization\",\"@id\":\"https:\/\/expressionumea.se\/#organization\",\"name\":\"eXpression Ume\u00e5\",\"url\":\"https:\/\/expressionumea.se\/\",\"logo\":{\"@type\":\"ImageObject\",\"inLanguage\":\"en-GB\",\"@id\":\"https:\/\/expressionumea.se\/#\/schema\/logo\/image\/\",\"url\":\"https:\/\/expressionumea.se\/wp-content\/uploads\/2020\/06\/expression-ume-logotyp.png\",\"contentUrl\":\"https:\/\/expressionumea.se\/wp-content\/uploads\/2020\/06\/expression-ume-logotyp.png\",\"width\":375,\"height\":98,\"caption\":\"eXpression Ume\u00e5\"},\"image\":{\"@id\":\"https:\/\/expressionumea.se\/#\/schema\/logo\/image\/\"}},{\"@type\":\"Person\",\"@id\":\"https:\/\/expressionumea.se\/#\/schema\/person\/1e20558e56409dffe7180bdd0cc8f950\",\"name\":\"Anna Wikholm\",\"image\":{\"@type\":\"ImageObject\",\"inLanguage\":\"en-GB\",\"@id\":\"https:\/\/secure.gravatar.com\/avatar\/1c3905f82cd6d252f8e42b7cd65dfc9eafd3cfde5cef18d2c6fb15461c2ff59d?s=96&d=mm&r=g\",\"url\":\"https:\/\/secure.gravatar.com\/avatar\/1c3905f82cd6d252f8e42b7cd65dfc9eafd3cfde5cef18d2c6fb15461c2ff59d?s=96&d=mm&r=g\",\"contentUrl\":\"https:\/\/secure.gravatar.com\/avatar\/1c3905f82cd6d252f8e42b7cd65dfc9eafd3cfde5cef18d2c6fb15461c2ff59d?s=96&d=mm&r=g\",\"caption\":\"Anna Wikholm\"},\"url\":\"https:\/\/expressionumea.se\/en\/author\/anna-wikholm\/\"}]}<\/script>\n<!-- \/ Yoast SEO plugin. -->","yoast_head_json":{"title":"Visionary Wine and Bistro le Garage in new collaboration - eXpression Ume\u00e5","robots":{"index":"index","follow":"follow","max-snippet":"max-snippet:-1","max-image-preview":"max-image-preview:large","max-video-preview":"max-video-preview:-1"},"canonical":"https:\/\/expressionumea.se\/en\/visionary-wine-and-bistro-le-garage-in-new-collaboration\/","og_locale":"en_GB","og_type":"article","og_title":"Visionary Wine och Bistro le Garage i nytt samarbete - eXpression Ume\u00e5","og_description":"Ume\u00e5f\u00f6retaget Visionary Wine som drivs av sommelieren och gastronomen Kristian R\u00f6nnlund har i samarbete med restaurang Bistro Le Garage utformat ett nytt koncept - vinutbildningar f\u00f6r alla med ett genuint vinintresse.","og_url":"https:\/\/expressionumea.se\/en\/visionary-wine-and-bistro-le-garage-in-new-collaboration\/","og_site_name":"eXpression Ume\u00e5","article_published_time":"2023-10-11T11:59:33+00:00","article_modified_time":"2023-10-11T12:10:21+00:00","og_image":[{"width":1510,"height":825,"url":"https:\/\/expressionumea.se\/wp-content\/uploads\/2023\/10\/Hogupplost-scaled-e1697015030234.jpeg","type":"image\/jpeg"}],"author":"Anna Wikholm","twitter_card":"summary_large_image","twitter_misc":{"Written by":"Anna Wikholm","Estimated reading time":"3 minutes"},"schema":{"@context":"https:\/\/schema.org","@graph":[{"@type":"Article","@id":"https:\/\/expressionumea.se\/visionary-wine-och-bistro-le-garage-i-nytt-samarbete\/#article","isPartOf":{"@id":"https:\/\/expressionumea.se\/visionary-wine-och-bistro-le-garage-i-nytt-samarbete\/"},"author":{"name":"Anna Wikholm","@id":"https:\/\/expressionumea.se\/#\/schema\/person\/1e20558e56409dffe7180bdd0cc8f950"},"headline":"Visionary Wine och Bistro le Garage i nytt samarbete","datePublished":"2023-10-11T11:59:33+00:00","dateModified":"2023-10-11T12:10:21+00:00","mainEntityOfPage":{"@id":"https:\/\/expressionumea.se\/visionary-wine-och-bistro-le-garage-i-nytt-samarbete\/"},"wordCount":632,"publisher":{"@id":"https:\/\/expressionumea.se\/#organization"},"image":{"@id":"https:\/\/expressionumea.se\/visionary-wine-och-bistro-le-garage-i-nytt-samarbete\/#primaryimage"},"thumbnailUrl":"https:\/\/expressionumea.se\/wp-content\/uploads\/2023\/10\/Hogupplost-scaled-e1697015030234.jpeg","articleSection":["Livsmedel och Gastronomi"],"inLanguage":"en-GB"},{"@type":"WebPage","@id":"https:\/\/expressionumea.se\/visionary-wine-och-bistro-le-garage-i-nytt-samarbete\/","url":"https:\/\/expressionumea.se\/visionary-wine-och-bistro-le-garage-i-nytt-samarbete\/","name":"Visionary Wine and Bistro le Garage in new collaboration - eXpression Ume\u00e5","isPartOf":{"@id":"https:\/\/expressionumea.se\/#website"},"primaryImageOfPage":{"@id":"https:\/\/expressionumea.se\/visionary-wine-och-bistro-le-garage-i-nytt-samarbete\/#primaryimage"},"image":{"@id":"https:\/\/expressionumea.se\/visionary-wine-och-bistro-le-garage-i-nytt-samarbete\/#primaryimage"},"thumbnailUrl":"https:\/\/expressionumea.se\/wp-content\/uploads\/2023\/10\/Hogupplost-scaled-e1697015030234.jpeg","datePublished":"2023-10-11T11:59:33+00:00","dateModified":"2023-10-11T12:10:21+00:00","breadcrumb":{"@id":"https:\/\/expressionumea.se\/visionary-wine-och-bistro-le-garage-i-nytt-samarbete\/#breadcrumb"},"inLanguage":"en-GB","potentialAction":[{"@type":"ReadAction","target":["https:\/\/expressionumea.se\/visionary-wine-och-bistro-le-garage-i-nytt-samarbete\/"]}]},{"@type":"ImageObject","inLanguage":"en-GB","@id":"https:\/\/expressionumea.se\/visionary-wine-och-bistro-le-garage-i-nytt-samarbete\/#primaryimage","url":"https:\/\/expressionumea.se\/wp-content\/uploads\/2023\/10\/Hogupplost-scaled-e1697015030234.jpeg","contentUrl":"https:\/\/expressionumea.se\/wp-content\/uploads\/2023\/10\/Hogupplost-scaled-e1697015030234.jpeg","width":1510,"height":825},{"@type":"BreadcrumbList","@id":"https:\/\/expressionumea.se\/visionary-wine-och-bistro-le-garage-i-nytt-samarbete\/#breadcrumb","itemListElement":[{"@type":"ListItem","position":1,"name":"Hem","item":"https:\/\/expressionumea.se\/"},{"@type":"ListItem","position":2,"name":"Visionary Wine och Bistro le Garage i nytt samarbete"}]},{"@type":"WebSite","@id":"https:\/\/expressionumea.se\/#website","url":"https:\/\/expressionumea.se\/","name":"eXpression Ume\u00e5","description":"Creative minds unite","publisher":{"@id":"https:\/\/expressionumea.se\/#organization"},"potentialAction":[{"@type":"SearchAction","target":{"@type":"EntryPoint","urlTemplate":"https:\/\/expressionumea.se\/?s={search_term_string}"},"query-input":{"@type":"PropertyValueSpecification","valueRequired":true,"valueName":"search_term_string"}}],"inLanguage":"en-GB"},{"@type":"Organization","@id":"https:\/\/expressionumea.se\/#organization","name":"eXpression Ume\u00e5","url":"https:\/\/expressionumea.se\/","logo":{"@type":"ImageObject","inLanguage":"en-GB","@id":"https:\/\/expressionumea.se\/#\/schema\/logo\/image\/","url":"https:\/\/expressionumea.se\/wp-content\/uploads\/2020\/06\/expression-ume-logotyp.png","contentUrl":"https:\/\/expressionumea.se\/wp-content\/uploads\/2020\/06\/expression-ume-logotyp.png","width":375,"height":98,"caption":"eXpression Ume\u00e5"},"image":{"@id":"https:\/\/expressionumea.se\/#\/schema\/logo\/image\/"}},{"@type":"Person","@id":"https:\/\/expressionumea.se\/#\/schema\/person\/1e20558e56409dffe7180bdd0cc8f950","name":"Anna Wikholm","image":{"@type":"ImageObject","inLanguage":"en-GB","@id":"https:\/\/secure.gravatar.com\/avatar\/1c3905f82cd6d252f8e42b7cd65dfc9eafd3cfde5cef18d2c6fb15461c2ff59d?s=96&d=mm&r=g","url":"https:\/\/secure.gravatar.com\/avatar\/1c3905f82cd6d252f8e42b7cd65dfc9eafd3cfde5cef18d2c6fb15461c2ff59d?s=96&d=mm&r=g","contentUrl":"https:\/\/secure.gravatar.com\/avatar\/1c3905f82cd6d252f8e42b7cd65dfc9eafd3cfde5cef18d2c6fb15461c2ff59d?s=96&d=mm&r=g","caption":"Anna Wikholm"},"url":"https:\/\/expressionumea.se\/en\/author\/anna-wikholm\/"}]}},"_links":{"self":[{"href":"https:\/\/expressionumea.se\/en\/wp-json\/wp\/v2\/posts\/24177","targetHints":{"allow":["GET"]}}],"collection":[{"href":"https:\/\/expressionumea.se\/en\/wp-json\/wp\/v2\/posts"}],"about":[{"href":"https:\/\/expressionumea.se\/en\/wp-json\/wp\/v2\/types\/post"}],"author":[{"embeddable":true,"href":"https:\/\/expressionumea.se\/en\/wp-json\/wp\/v2\/users\/4"}],"replies":[{"embeddable":true,"href":"https:\/\/expressionumea.se\/en\/wp-json\/wp\/v2\/comments?post=24177"}],"version-history":[{"count":5,"href":"https:\/\/expressionumea.se\/en\/wp-json\/wp\/v2\/posts\/24177\/revisions"}],"predecessor-version":[{"id":24189,"href":"https:\/\/expressionumea.se\/en\/wp-json\/wp\/v2\/posts\/24177\/revisions\/24189"}],"wp:featuredmedia":[{"embeddable":true,"href":"https:\/\/expressionumea.se\/en\/wp-json\/wp\/v2\/media\/24178"}],"wp:attachment":[{"href":"https:\/\/expressionumea.se\/en\/wp-json\/wp\/v2\/media?parent=24177"}],"wp:term":[{"taxonomy":"category","embeddable":true,"href":"https:\/\/expressionumea.se\/en\/wp-json\/wp\/v2\/categories?post=24177"},{"taxonomy":"post_tag","embeddable":true,"href":"https:\/\/expressionumea.se\/en\/wp-json\/wp\/v2\/tags?post=24177"},{"taxonomy":"eu-finansiering","embeddable":true,"href":"https:\/\/expressionumea.se\/en\/wp-json\/wp\/v2\/eu-finansiering?post=24177"},{"taxonomy":"artikeltyp","embeddable":true,"href":"https:\/\/expressionumea.se\/en\/wp-json\/wp\/v2\/artikeltyp?post=24177"}],"curies":[{"name":"wp","href":"https:\/\/api.w.org\/{rel}","templated":true}]}}