{"id":24870,"date":"2024-03-14T18:29:29","date_gmt":"2024-03-14T17:29:29","guid":{"rendered":"https:\/\/expressionumea.se\/?p=24870"},"modified":"2024-03-14T19:01:59","modified_gmt":"2024-03-14T18:01:59","slug":"great-interest-in-creative-endeavours-under-the-auspices-of-the-masses","status":"publish","type":"post","link":"https:\/\/expressionumea.se\/en\/stort-intresse-for-kreativa-naringar-under-uf-massan\/","title":{"rendered":"Great interest in creative industries at the JA fair"},"content":{"rendered":"<p><strong>On 13 March, Sara Kulturhus in Skellefte\u00e5 was transformed into a wonderful party venue for over 460 JA entrepreneurs. The fair, which attracted a lot of interest, was professionally organised as usual and had a clear focus on sustainable and creative business ideas.<\/strong><\/p>\n\n\n\n<blockquote class=\"wp-block-quote is-layout-flow wp-block-quote-is-layout-flow\">\n<p>The energy, commitment and level of innovation was high and the fact that so much focus was on sustainable solutions feels incredibly good. There were also many business ideas related to cultural and creative industries. This means that we hope for many new companies to join the incubator in the future,\" says Ms. Hank. <strong>Frida Wimelius<\/strong>, jury member and project manager at eXpression Ume\u00e5.<\/p>\n<\/blockquote>\n\n\n\n<p>The JA Fair 2024 offered a unique opportunity for 130 JA companies from V\u00e4sterbotten to exhibit their business ideas and compete in eleven different categories. <\/p>\n\n\n\n<p>The event, organised for the first time in Sara Kulturhus, provides an important platform for dialogue and interaction with the county's future entrepreneurs - a natural place for eXpression to make new contacts.<\/p>\n\n\n\n<p><\/p>\n\n\n\n<blockquote class=\"wp-block-quote is-layout-flow wp-block-quote-is-layout-flow\">\n<p>The JA Fair is an opportunity for us to highlight our young talents and let the visitors meet the future. In short, it's an event where we don't just talk about young people, but with young people. <strong>Tilda Tulln\u00e9r<\/strong>, project manager of the JA Fair 2024, in a press release.<\/p>\n<\/blockquote>\n\n\n\n<p><em><strong>More for young entrepreneurs<\/strong><br>On 18 April, eXpression, Ung f\u00f6retagsamhet V\u00e4sterbotten, Ume\u00e5 municipality, Uminova Innovation, BIC Factory, Presto and the V\u00e4sterbotten County Administrative Board will be organising <strong>Young Startup Day<\/strong>. <a href=\"https:\/\/young-startup-day-2024.confetti.events\/\">Find out more about times, speakers and registration on the event website.<\/a>.<\/em><\/p>","protected":false},"excerpt":{"rendered":"<p>Den 13 mars f\u00f6rvandlades Sara kulturhus i Skellefte\u00e5 till en h\u00e4rlig festplats f\u00f6r \u00f6ver 460 UF-f\u00f6retagare. M\u00e4ssan, som drog till sig mycket intresse, var i vanlig ordning proffsigt organiserad och hade ett tydligt fokus p\u00e5 h\u00e5llbara och kreativa f\u00f6retagsid\u00e9er. Energin, engagemanget och innovationsniv\u00e5n var h\u00f6g och att s\u00e5 mycket fokus l\u00e5g p\u00e5 h\u00e5llbara l\u00f6sningar k\u00e4nns [&hellip;]<\/p>\n","protected":false},"author":6,"featured_media":24877,"comment_status":"closed","ping_status":"open","sticky":false,"template":"","format":"standard","meta":{"footnotes":""},"categories":[670],"tags":[919,918],"eu-finansiering":[],"artikeltyp":[628],"class_list":["post-24870","post","type-post","status-publish","format-standard","has-post-thumbnail","hentry","category-expression-umea","tag-uf-massan","tag-ung-foretagsamhet","search-category-artikel","artikeltyp-nyheter"],"yoast_head":"<!-- This site is optimized with the Yoast SEO plugin v27.2 - https:\/\/yoast.com\/product\/yoast-seo-wordpress\/ -->\n<title>Stort intresse f\u00f6r kreativa n\u00e4ringar under UF-m\u00e4ssan - eXpression Ume\u00e5<\/title>\n<meta name=\"robots\" content=\"index, follow, max-snippet:-1, max-image-preview:large, max-video-preview:-1\" \/>\n<link rel=\"canonical\" href=\"https:\/\/expressionumea.se\/en\/great-interest-in-creative-endeavours-under-the-auspices-of-the-masses\/\" \/>\n<meta property=\"og:locale\" content=\"en_GB\" \/>\n<meta property=\"og:type\" content=\"article\" \/>\n<meta property=\"og:title\" content=\"Stort intresse f\u00f6r kreativa n\u00e4ringar under UF-m\u00e4ssan - eXpression Ume\u00e5\" \/>\n<meta property=\"og:description\" content=\"Den 13 mars f\u00f6rvandlades Sara kulturhus i Skellefte\u00e5 till en h\u00e4rlig festplats f\u00f6r \u00f6ver 460 UF-f\u00f6retagare. M\u00e4ssan, som drog till sig mycket intresse, var i vanlig ordning proffsigt organiserad och hade ett tydligt fokus p\u00e5 h\u00e5llbara och kreativa f\u00f6retagsid\u00e9er. Energin, engagemanget och innovationsniv\u00e5n var h\u00f6g och att s\u00e5 mycket fokus l\u00e5g p\u00e5 h\u00e5llbara l\u00f6sningar k\u00e4nns [&hellip;]\" \/>\n<meta property=\"og:url\" content=\"https:\/\/expressionumea.se\/en\/great-interest-in-creative-endeavours-under-the-auspices-of-the-masses\/\" \/>\n<meta property=\"og:site_name\" content=\"eXpression Ume\u00e5\" \/>\n<meta property=\"article:published_time\" content=\"2024-03-14T17:29:29+00:00\" \/>\n<meta property=\"article:modified_time\" content=\"2024-03-14T18:01:59+00:00\" \/>\n<meta property=\"og:image\" content=\"https:\/\/expressionumea.se\/wp-content\/uploads\/2024\/03\/uf_massa24_2-e1710437246846.jpeg\" \/>\n\t<meta property=\"og:image:width\" content=\"1024\" \/>\n\t<meta property=\"og:image:height\" content=\"576\" \/>\n\t<meta property=\"og:image:type\" content=\"image\/jpeg\" \/>\n<meta name=\"author\" content=\"Emil H\u00e4gglund\" \/>\n<meta name=\"twitter:card\" content=\"summary_large_image\" \/>\n<meta name=\"twitter:label1\" content=\"Written by\" \/>\n\t<meta name=\"twitter:data1\" content=\"Emil H\u00e4gglund\" \/>\n\t<meta name=\"twitter:label2\" content=\"Estimated reading time\" \/>\n\t<meta name=\"twitter:data2\" content=\"1 minute\" \/>\n<script type=\"application\/ld+json\" class=\"yoast-schema-graph\">{\"@context\":\"https:\/\/schema.org\",\"@graph\":[{\"@type\":\"Article\",\"@id\":\"https:\/\/expressionumea.se\/stort-intresse-for-kreativa-naringar-under-uf-massan\/#article\",\"isPartOf\":{\"@id\":\"https:\/\/expressionumea.se\/stort-intresse-for-kreativa-naringar-under-uf-massan\/\"},\"author\":{\"name\":\"Emil H\u00e4gglund\",\"@id\":\"https:\/\/expressionumea.se\/#\/schema\/person\/f215c002f05a579f8f2e2fd74038215c\"},\"headline\":\"Stort intresse f\u00f6r kreativa n\u00e4ringar under UF-m\u00e4ssan\",\"datePublished\":\"2024-03-14T17:29:29+00:00\",\"dateModified\":\"2024-03-14T18:01:59+00:00\",\"mainEntityOfPage\":{\"@id\":\"https:\/\/expressionumea.se\/stort-intresse-for-kreativa-naringar-under-uf-massan\/\"},\"wordCount\":284,\"publisher\":{\"@id\":\"https:\/\/expressionumea.se\/#organization\"},\"image\":{\"@id\":\"https:\/\/expressionumea.se\/stort-intresse-for-kreativa-naringar-under-uf-massan\/#primaryimage\"},\"thumbnailUrl\":\"https:\/\/expressionumea.se\/wp-content\/uploads\/2024\/03\/uf_massa24_2-e1710437246846.jpeg\",\"keywords\":[\"UF-m\u00e4ssan\",\"Ung f\u00f6retagsamhet\"],\"articleSection\":[\"eXpression Ume\u00e5\"],\"inLanguage\":\"en-GB\"},{\"@type\":\"WebPage\",\"@id\":\"https:\/\/expressionumea.se\/stort-intresse-for-kreativa-naringar-under-uf-massan\/\",\"url\":\"https:\/\/expressionumea.se\/stort-intresse-for-kreativa-naringar-under-uf-massan\/\",\"name\":\"Stort intresse f\u00f6r kreativa n\u00e4ringar under UF-m\u00e4ssan - eXpression Ume\u00e5\",\"isPartOf\":{\"@id\":\"https:\/\/expressionumea.se\/#website\"},\"primaryImageOfPage\":{\"@id\":\"https:\/\/expressionumea.se\/stort-intresse-for-kreativa-naringar-under-uf-massan\/#primaryimage\"},\"image\":{\"@id\":\"https:\/\/expressionumea.se\/stort-intresse-for-kreativa-naringar-under-uf-massan\/#primaryimage\"},\"thumbnailUrl\":\"https:\/\/expressionumea.se\/wp-content\/uploads\/2024\/03\/uf_massa24_2-e1710437246846.jpeg\",\"datePublished\":\"2024-03-14T17:29:29+00:00\",\"dateModified\":\"2024-03-14T18:01:59+00:00\",\"breadcrumb\":{\"@id\":\"https:\/\/expressionumea.se\/stort-intresse-for-kreativa-naringar-under-uf-massan\/#breadcrumb\"},\"inLanguage\":\"en-GB\",\"potentialAction\":[{\"@type\":\"ReadAction\",\"target\":[\"https:\/\/expressionumea.se\/stort-intresse-for-kreativa-naringar-under-uf-massan\/\"]}]},{\"@type\":\"ImageObject\",\"inLanguage\":\"en-GB\",\"@id\":\"https:\/\/expressionumea.se\/stort-intresse-for-kreativa-naringar-under-uf-massan\/#primaryimage\",\"url\":\"https:\/\/expressionumea.se\/wp-content\/uploads\/2024\/03\/uf_massa24_2-e1710437246846.jpeg\",\"contentUrl\":\"https:\/\/expressionumea.se\/wp-content\/uploads\/2024\/03\/uf_massa24_2-e1710437246846.jpeg\",\"width\":1024,\"height\":576},{\"@type\":\"BreadcrumbList\",\"@id\":\"https:\/\/expressionumea.se\/stort-intresse-for-kreativa-naringar-under-uf-massan\/#breadcrumb\",\"itemListElement\":[{\"@type\":\"ListItem\",\"position\":1,\"name\":\"Hem\",\"item\":\"https:\/\/expressionumea.se\/\"},{\"@type\":\"ListItem\",\"position\":2,\"name\":\"Stort intresse f\u00f6r kreativa n\u00e4ringar under UF-m\u00e4ssan\"}]},{\"@type\":\"WebSite\",\"@id\":\"https:\/\/expressionumea.se\/#website\",\"url\":\"https:\/\/expressionumea.se\/\",\"name\":\"eXpression Ume\u00e5\",\"description\":\"Creative minds unite\",\"publisher\":{\"@id\":\"https:\/\/expressionumea.se\/#organization\"},\"potentialAction\":[{\"@type\":\"SearchAction\",\"target\":{\"@type\":\"EntryPoint\",\"urlTemplate\":\"https:\/\/expressionumea.se\/?s={search_term_string}\"},\"query-input\":{\"@type\":\"PropertyValueSpecification\",\"valueRequired\":true,\"valueName\":\"search_term_string\"}}],\"inLanguage\":\"en-GB\"},{\"@type\":\"Organization\",\"@id\":\"https:\/\/expressionumea.se\/#organization\",\"name\":\"eXpression Ume\u00e5\",\"url\":\"https:\/\/expressionumea.se\/\",\"logo\":{\"@type\":\"ImageObject\",\"inLanguage\":\"en-GB\",\"@id\":\"https:\/\/expressionumea.se\/#\/schema\/logo\/image\/\",\"url\":\"https:\/\/expressionumea.se\/wp-content\/uploads\/2020\/06\/expression-ume-logotyp.png\",\"contentUrl\":\"https:\/\/expressionumea.se\/wp-content\/uploads\/2020\/06\/expression-ume-logotyp.png\",\"width\":375,\"height\":98,\"caption\":\"eXpression Ume\u00e5\"},\"image\":{\"@id\":\"https:\/\/expressionumea.se\/#\/schema\/logo\/image\/\"}},{\"@type\":\"Person\",\"@id\":\"https:\/\/expressionumea.se\/#\/schema\/person\/f215c002f05a579f8f2e2fd74038215c\",\"name\":\"Emil H\u00e4gglund\",\"image\":{\"@type\":\"ImageObject\",\"inLanguage\":\"en-GB\",\"@id\":\"https:\/\/secure.gravatar.com\/avatar\/eb6d13e9356b6e176ecf79bc75d391596faef394c3bae44b2c54063cbd221aef?s=96&d=mm&r=g\",\"url\":\"https:\/\/secure.gravatar.com\/avatar\/eb6d13e9356b6e176ecf79bc75d391596faef394c3bae44b2c54063cbd221aef?s=96&d=mm&r=g\",\"contentUrl\":\"https:\/\/secure.gravatar.com\/avatar\/eb6d13e9356b6e176ecf79bc75d391596faef394c3bae44b2c54063cbd221aef?s=96&d=mm&r=g\",\"caption\":\"Emil H\u00e4gglund\"},\"url\":\"https:\/\/expressionumea.se\/en\/author\/emil\/\"}]}<\/script>\n<!-- \/ Yoast SEO plugin. -->","yoast_head_json":{"title":"Great interest in creative industries during the JA fair - eXpression Ume\u00e5.","robots":{"index":"index","follow":"follow","max-snippet":"max-snippet:-1","max-image-preview":"max-image-preview:large","max-video-preview":"max-video-preview:-1"},"canonical":"https:\/\/expressionumea.se\/en\/great-interest-in-creative-endeavours-under-the-auspices-of-the-masses\/","og_locale":"en_GB","og_type":"article","og_title":"Stort intresse f\u00f6r kreativa n\u00e4ringar under UF-m\u00e4ssan - eXpression Ume\u00e5","og_description":"Den 13 mars f\u00f6rvandlades Sara kulturhus i Skellefte\u00e5 till en h\u00e4rlig festplats f\u00f6r \u00f6ver 460 UF-f\u00f6retagare. M\u00e4ssan, som drog till sig mycket intresse, var i vanlig ordning proffsigt organiserad och hade ett tydligt fokus p\u00e5 h\u00e5llbara och kreativa f\u00f6retagsid\u00e9er. Energin, engagemanget och innovationsniv\u00e5n var h\u00f6g och att s\u00e5 mycket fokus l\u00e5g p\u00e5 h\u00e5llbara l\u00f6sningar k\u00e4nns [&hellip;]","og_url":"https:\/\/expressionumea.se\/en\/great-interest-in-creative-endeavours-under-the-auspices-of-the-masses\/","og_site_name":"eXpression Ume\u00e5","article_published_time":"2024-03-14T17:29:29+00:00","article_modified_time":"2024-03-14T18:01:59+00:00","og_image":[{"width":1024,"height":576,"url":"https:\/\/expressionumea.se\/wp-content\/uploads\/2024\/03\/uf_massa24_2-e1710437246846.jpeg","type":"image\/jpeg"}],"author":"Emil H\u00e4gglund","twitter_card":"summary_large_image","twitter_misc":{"Written by":"Emil H\u00e4gglund","Estimated reading time":"1 minute"},"schema":{"@context":"https:\/\/schema.org","@graph":[{"@type":"Article","@id":"https:\/\/expressionumea.se\/stort-intresse-for-kreativa-naringar-under-uf-massan\/#article","isPartOf":{"@id":"https:\/\/expressionumea.se\/stort-intresse-for-kreativa-naringar-under-uf-massan\/"},"author":{"name":"Emil H\u00e4gglund","@id":"https:\/\/expressionumea.se\/#\/schema\/person\/f215c002f05a579f8f2e2fd74038215c"},"headline":"Stort intresse f\u00f6r kreativa n\u00e4ringar under UF-m\u00e4ssan","datePublished":"2024-03-14T17:29:29+00:00","dateModified":"2024-03-14T18:01:59+00:00","mainEntityOfPage":{"@id":"https:\/\/expressionumea.se\/stort-intresse-for-kreativa-naringar-under-uf-massan\/"},"wordCount":284,"publisher":{"@id":"https:\/\/expressionumea.se\/#organization"},"image":{"@id":"https:\/\/expressionumea.se\/stort-intresse-for-kreativa-naringar-under-uf-massan\/#primaryimage"},"thumbnailUrl":"https:\/\/expressionumea.se\/wp-content\/uploads\/2024\/03\/uf_massa24_2-e1710437246846.jpeg","keywords":["UF-m\u00e4ssan","Ung f\u00f6retagsamhet"],"articleSection":["eXpression Ume\u00e5"],"inLanguage":"en-GB"},{"@type":"WebPage","@id":"https:\/\/expressionumea.se\/stort-intresse-for-kreativa-naringar-under-uf-massan\/","url":"https:\/\/expressionumea.se\/stort-intresse-for-kreativa-naringar-under-uf-massan\/","name":"Great interest in creative industries during the JA fair - eXpression Ume\u00e5.","isPartOf":{"@id":"https:\/\/expressionumea.se\/#website"},"primaryImageOfPage":{"@id":"https:\/\/expressionumea.se\/stort-intresse-for-kreativa-naringar-under-uf-massan\/#primaryimage"},"image":{"@id":"https:\/\/expressionumea.se\/stort-intresse-for-kreativa-naringar-under-uf-massan\/#primaryimage"},"thumbnailUrl":"https:\/\/expressionumea.se\/wp-content\/uploads\/2024\/03\/uf_massa24_2-e1710437246846.jpeg","datePublished":"2024-03-14T17:29:29+00:00","dateModified":"2024-03-14T18:01:59+00:00","breadcrumb":{"@id":"https:\/\/expressionumea.se\/stort-intresse-for-kreativa-naringar-under-uf-massan\/#breadcrumb"},"inLanguage":"en-GB","potentialAction":[{"@type":"ReadAction","target":["https:\/\/expressionumea.se\/stort-intresse-for-kreativa-naringar-under-uf-massan\/"]}]},{"@type":"ImageObject","inLanguage":"en-GB","@id":"https:\/\/expressionumea.se\/stort-intresse-for-kreativa-naringar-under-uf-massan\/#primaryimage","url":"https:\/\/expressionumea.se\/wp-content\/uploads\/2024\/03\/uf_massa24_2-e1710437246846.jpeg","contentUrl":"https:\/\/expressionumea.se\/wp-content\/uploads\/2024\/03\/uf_massa24_2-e1710437246846.jpeg","width":1024,"height":576},{"@type":"BreadcrumbList","@id":"https:\/\/expressionumea.se\/stort-intresse-for-kreativa-naringar-under-uf-massan\/#breadcrumb","itemListElement":[{"@type":"ListItem","position":1,"name":"Hem","item":"https:\/\/expressionumea.se\/"},{"@type":"ListItem","position":2,"name":"Stort intresse f\u00f6r kreativa n\u00e4ringar under UF-m\u00e4ssan"}]},{"@type":"WebSite","@id":"https:\/\/expressionumea.se\/#website","url":"https:\/\/expressionumea.se\/","name":"eXpression Ume\u00e5","description":"Creative minds unite","publisher":{"@id":"https:\/\/expressionumea.se\/#organization"},"potentialAction":[{"@type":"SearchAction","target":{"@type":"EntryPoint","urlTemplate":"https:\/\/expressionumea.se\/?s={search_term_string}"},"query-input":{"@type":"PropertyValueSpecification","valueRequired":true,"valueName":"search_term_string"}}],"inLanguage":"en-GB"},{"@type":"Organization","@id":"https:\/\/expressionumea.se\/#organization","name":"eXpression Ume\u00e5","url":"https:\/\/expressionumea.se\/","logo":{"@type":"ImageObject","inLanguage":"en-GB","@id":"https:\/\/expressionumea.se\/#\/schema\/logo\/image\/","url":"https:\/\/expressionumea.se\/wp-content\/uploads\/2020\/06\/expression-ume-logotyp.png","contentUrl":"https:\/\/expressionumea.se\/wp-content\/uploads\/2020\/06\/expression-ume-logotyp.png","width":375,"height":98,"caption":"eXpression Ume\u00e5"},"image":{"@id":"https:\/\/expressionumea.se\/#\/schema\/logo\/image\/"}},{"@type":"Person","@id":"https:\/\/expressionumea.se\/#\/schema\/person\/f215c002f05a579f8f2e2fd74038215c","name":"Emil H\u00e4gglund","image":{"@type":"ImageObject","inLanguage":"en-GB","@id":"https:\/\/secure.gravatar.com\/avatar\/eb6d13e9356b6e176ecf79bc75d391596faef394c3bae44b2c54063cbd221aef?s=96&d=mm&r=g","url":"https:\/\/secure.gravatar.com\/avatar\/eb6d13e9356b6e176ecf79bc75d391596faef394c3bae44b2c54063cbd221aef?s=96&d=mm&r=g","contentUrl":"https:\/\/secure.gravatar.com\/avatar\/eb6d13e9356b6e176ecf79bc75d391596faef394c3bae44b2c54063cbd221aef?s=96&d=mm&r=g","caption":"Emil H\u00e4gglund"},"url":"https:\/\/expressionumea.se\/en\/author\/emil\/"}]}},"_links":{"self":[{"href":"https:\/\/expressionumea.se\/en\/wp-json\/wp\/v2\/posts\/24870","targetHints":{"allow":["GET"]}}],"collection":[{"href":"https:\/\/expressionumea.se\/en\/wp-json\/wp\/v2\/posts"}],"about":[{"href":"https:\/\/expressionumea.se\/en\/wp-json\/wp\/v2\/types\/post"}],"author":[{"embeddable":true,"href":"https:\/\/expressionumea.se\/en\/wp-json\/wp\/v2\/users\/6"}],"replies":[{"embeddable":true,"href":"https:\/\/expressionumea.se\/en\/wp-json\/wp\/v2\/comments?post=24870"}],"version-history":[{"count":13,"href":"https:\/\/expressionumea.se\/en\/wp-json\/wp\/v2\/posts\/24870\/revisions"}],"predecessor-version":[{"id":24887,"href":"https:\/\/expressionumea.se\/en\/wp-json\/wp\/v2\/posts\/24870\/revisions\/24887"}],"wp:featuredmedia":[{"embeddable":true,"href":"https:\/\/expressionumea.se\/en\/wp-json\/wp\/v2\/media\/24877"}],"wp:attachment":[{"href":"https:\/\/expressionumea.se\/en\/wp-json\/wp\/v2\/media?parent=24870"}],"wp:term":[{"taxonomy":"category","embeddable":true,"href":"https:\/\/expressionumea.se\/en\/wp-json\/wp\/v2\/categories?post=24870"},{"taxonomy":"post_tag","embeddable":true,"href":"https:\/\/expressionumea.se\/en\/wp-json\/wp\/v2\/tags?post=24870"},{"taxonomy":"eu-finansiering","embeddable":true,"href":"https:\/\/expressionumea.se\/en\/wp-json\/wp\/v2\/eu-finansiering?post=24870"},{"taxonomy":"artikeltyp","embeddable":true,"href":"https:\/\/expressionumea.se\/en\/wp-json\/wp\/v2\/artikeltyp?post=24870"}],"curies":[{"name":"wp","href":"https:\/\/api.w.org\/{rel}","templated":true}]}}