{"id":24916,"date":"2024-04-02T16:01:28","date_gmt":"2024-04-02T14:01:28","guid":{"rendered":"https:\/\/expressionumea.se\/?p=24916"},"modified":"2024-04-02T16:01:35","modified_gmt":"2024-04-02T14:01:35","slug":"join-young-startup-day-2024","status":"publish","type":"post","link":"https:\/\/expressionumea.se\/en\/hang-med-pa-young-startup-day-2024\/","title":{"rendered":"Join the Young Startup Day 2024."},"content":{"rendered":"<p><strong>You can now secure your place at the most important event of the year for young entrepreneurs in Ume\u00e5 - Young Startup Day 2024, which will be held in V\u00e4ven on 18 April. It will be an energy-filled afternoon of inspiration, learning and networking. On stage we will see Locker Room Talk, Amanda Matsson and some of the finalists for the Young Entrepreneur of the Year award.<\/strong><\/p>\n\n\n\n<blockquote class=\"wp-block-quote is-layout-flow wp-block-quote-is-layout-flow\">\n<p>\"Young Startup Day is an annual highlight that always provides a lot of energy. If you're a young entrepreneur who wants to develop your network and be inspired by good role models, I really think you should go,\" says Mr K. <strong>Emil H\u00e4gglund<\/strong> from eXpression.<\/p>\n<\/blockquote>\n\n\n\n<figure class=\"wp-block-image size-full\"><img fetchpriority=\"high\" decoding=\"async\" width=\"1024\" height=\"768\" src=\"https:\/\/expressionumea.se\/wp-content\/uploads\/2024\/04\/ysd_rorelse_logotyp.gif\" alt=\"\" class=\"wp-image-24924\"\/><\/figure>\n\n\n\n<p>Now in its eighth year, Young Startup Day brings together a mix of speakers and entrepreneurs to share their journeys, challenges and successes. This year's speakers include <strong>Amanda Mattson<\/strong>, a renowned lecturer and entrepreneur, who will speak about courage and entrepreneurship. <strong>Rogerio Silva<\/strong>, co-founder of Locker Room Talk, who talks about how a JA company can grow into a national business. <\/p>\n\n\n\n<p>We also catch up with two of the Young Entrepreneur of the Year finalists, who share their best advice.<\/p>\n\n\n\n<p>Young Startup Day is an initiative that aims to empower the next generation of entrepreneurs. <\/p>\n\n\n\n<ul class=\"wp-block-list\">\n<li><a href=\"https:\/\/young-startup-day-2024.confetti.events\/\">For more information and registration, visit the event's confetti page.<\/a>.<\/li>\n<\/ul>\n\n\n\n<p>Make sure to secure your place today - last year was a full house!<\/p>\n\n\n\n<p><em>Young Startup Day is organised every year to inspire entrepreneurship. The next generation of entrepreneurs is a key group for the continued growth of Ume\u00e5 and V\u00e4sterbotten. To reinforce this development, we need even more people to start and run businesses.<\/em><\/p>","protected":false},"excerpt":{"rendered":"<p>You can now secure your place at the most important event of the year for young entrepreneurs in Ume\u00e5 - Young Startup Day 2024, which will be held in V\u00e4ven on 18 April.<\/p>","protected":false},"author":6,"featured_media":24923,"comment_status":"closed","ping_status":"open","sticky":false,"template":"","format":"standard","meta":{"footnotes":""},"categories":[670],"tags":[348],"eu-finansiering":[],"artikeltyp":[628],"class_list":["post-24916","post","type-post","status-publish","format-standard","has-post-thumbnail","hentry","category-expression-umea","tag-young-startup-day","search-category-artikel","artikeltyp-nyheter"],"yoast_head":"<!-- This site is optimized with the Yoast SEO plugin v27.2 - https:\/\/yoast.com\/product\/yoast-seo-wordpress\/ -->\n<title>H\u00e4ng med p\u00e5 Young Startup Day 2024 - eXpression Ume\u00e5<\/title>\n<meta name=\"robots\" content=\"index, follow, max-snippet:-1, max-image-preview:large, max-video-preview:-1\" \/>\n<link rel=\"canonical\" href=\"https:\/\/expressionumea.se\/en\/join-young-startup-day-2024\/\" \/>\n<meta property=\"og:locale\" content=\"en_GB\" \/>\n<meta property=\"og:type\" content=\"article\" \/>\n<meta property=\"og:title\" content=\"H\u00e4ng med p\u00e5 Young Startup Day 2024 - eXpression Ume\u00e5\" \/>\n<meta property=\"og:description\" content=\"Nu kan du s\u00e4kra din plats till \u00e5rets viktigaste event f\u00f6r unga entrepren\u00f6rer i Ume\u00e5 \u2013 Young Startup Day 2024, som arrangeras i V\u00e4ven den 18 april.\" \/>\n<meta property=\"og:url\" content=\"https:\/\/expressionumea.se\/en\/join-young-startup-day-2024\/\" \/>\n<meta property=\"og:site_name\" content=\"eXpression Ume\u00e5\" \/>\n<meta property=\"article:published_time\" content=\"2024-04-02T14:01:28+00:00\" \/>\n<meta property=\"article:modified_time\" content=\"2024-04-02T14:01:35+00:00\" \/>\n<meta property=\"og:image\" content=\"https:\/\/expressionumea.se\/wp-content\/uploads\/2024\/04\/A7404565.jpg\" \/>\n\t<meta property=\"og:image:width\" content=\"1000\" \/>\n\t<meta property=\"og:image:height\" content=\"667\" \/>\n\t<meta property=\"og:image:type\" content=\"image\/jpeg\" \/>\n<meta name=\"author\" content=\"Emil H\u00e4gglund\" \/>\n<meta name=\"twitter:card\" content=\"summary_large_image\" \/>\n<meta name=\"twitter:label1\" content=\"Written by\" \/>\n\t<meta name=\"twitter:data1\" content=\"Emil H\u00e4gglund\" \/>\n\t<meta name=\"twitter:label2\" content=\"Estimated reading time\" \/>\n\t<meta name=\"twitter:data2\" content=\"2 minutes\" \/>\n<script type=\"application\/ld+json\" class=\"yoast-schema-graph\">{\"@context\":\"https:\/\/schema.org\",\"@graph\":[{\"@type\":\"Article\",\"@id\":\"https:\/\/expressionumea.se\/hang-med-pa-young-startup-day-2024\/#article\",\"isPartOf\":{\"@id\":\"https:\/\/expressionumea.se\/hang-med-pa-young-startup-day-2024\/\"},\"author\":{\"name\":\"Emil H\u00e4gglund\",\"@id\":\"https:\/\/expressionumea.se\/#\/schema\/person\/f215c002f05a579f8f2e2fd74038215c\"},\"headline\":\"H\u00e4ng med p\u00e5 Young Startup Day 2024\",\"datePublished\":\"2024-04-02T14:01:28+00:00\",\"dateModified\":\"2024-04-02T14:01:35+00:00\",\"mainEntityOfPage\":{\"@id\":\"https:\/\/expressionumea.se\/hang-med-pa-young-startup-day-2024\/\"},\"wordCount\":315,\"publisher\":{\"@id\":\"https:\/\/expressionumea.se\/#organization\"},\"image\":{\"@id\":\"https:\/\/expressionumea.se\/hang-med-pa-young-startup-day-2024\/#primaryimage\"},\"thumbnailUrl\":\"https:\/\/expressionumea.se\/wp-content\/uploads\/2024\/04\/A7404565.jpg\",\"keywords\":[\"Young Startup Day\"],\"articleSection\":[\"eXpression Ume\u00e5\"],\"inLanguage\":\"en-GB\"},{\"@type\":\"WebPage\",\"@id\":\"https:\/\/expressionumea.se\/hang-med-pa-young-startup-day-2024\/\",\"url\":\"https:\/\/expressionumea.se\/hang-med-pa-young-startup-day-2024\/\",\"name\":\"H\u00e4ng med p\u00e5 Young Startup Day 2024 - eXpression Ume\u00e5\",\"isPartOf\":{\"@id\":\"https:\/\/expressionumea.se\/#website\"},\"primaryImageOfPage\":{\"@id\":\"https:\/\/expressionumea.se\/hang-med-pa-young-startup-day-2024\/#primaryimage\"},\"image\":{\"@id\":\"https:\/\/expressionumea.se\/hang-med-pa-young-startup-day-2024\/#primaryimage\"},\"thumbnailUrl\":\"https:\/\/expressionumea.se\/wp-content\/uploads\/2024\/04\/A7404565.jpg\",\"datePublished\":\"2024-04-02T14:01:28+00:00\",\"dateModified\":\"2024-04-02T14:01:35+00:00\",\"breadcrumb\":{\"@id\":\"https:\/\/expressionumea.se\/hang-med-pa-young-startup-day-2024\/#breadcrumb\"},\"inLanguage\":\"en-GB\",\"potentialAction\":[{\"@type\":\"ReadAction\",\"target\":[\"https:\/\/expressionumea.se\/hang-med-pa-young-startup-day-2024\/\"]}]},{\"@type\":\"ImageObject\",\"inLanguage\":\"en-GB\",\"@id\":\"https:\/\/expressionumea.se\/hang-med-pa-young-startup-day-2024\/#primaryimage\",\"url\":\"https:\/\/expressionumea.se\/wp-content\/uploads\/2024\/04\/A7404565.jpg\",\"contentUrl\":\"https:\/\/expressionumea.se\/wp-content\/uploads\/2024\/04\/A7404565.jpg\",\"width\":1000,\"height\":667},{\"@type\":\"BreadcrumbList\",\"@id\":\"https:\/\/expressionumea.se\/hang-med-pa-young-startup-day-2024\/#breadcrumb\",\"itemListElement\":[{\"@type\":\"ListItem\",\"position\":1,\"name\":\"Hem\",\"item\":\"https:\/\/expressionumea.se\/\"},{\"@type\":\"ListItem\",\"position\":2,\"name\":\"H\u00e4ng med p\u00e5 Young Startup Day 2024\"}]},{\"@type\":\"WebSite\",\"@id\":\"https:\/\/expressionumea.se\/#website\",\"url\":\"https:\/\/expressionumea.se\/\",\"name\":\"eXpression Ume\u00e5\",\"description\":\"Creative minds unite\",\"publisher\":{\"@id\":\"https:\/\/expressionumea.se\/#organization\"},\"potentialAction\":[{\"@type\":\"SearchAction\",\"target\":{\"@type\":\"EntryPoint\",\"urlTemplate\":\"https:\/\/expressionumea.se\/?s={search_term_string}\"},\"query-input\":{\"@type\":\"PropertyValueSpecification\",\"valueRequired\":true,\"valueName\":\"search_term_string\"}}],\"inLanguage\":\"en-GB\"},{\"@type\":\"Organization\",\"@id\":\"https:\/\/expressionumea.se\/#organization\",\"name\":\"eXpression Ume\u00e5\",\"url\":\"https:\/\/expressionumea.se\/\",\"logo\":{\"@type\":\"ImageObject\",\"inLanguage\":\"en-GB\",\"@id\":\"https:\/\/expressionumea.se\/#\/schema\/logo\/image\/\",\"url\":\"https:\/\/expressionumea.se\/wp-content\/uploads\/2020\/06\/expression-ume-logotyp.png\",\"contentUrl\":\"https:\/\/expressionumea.se\/wp-content\/uploads\/2020\/06\/expression-ume-logotyp.png\",\"width\":375,\"height\":98,\"caption\":\"eXpression Ume\u00e5\"},\"image\":{\"@id\":\"https:\/\/expressionumea.se\/#\/schema\/logo\/image\/\"}},{\"@type\":\"Person\",\"@id\":\"https:\/\/expressionumea.se\/#\/schema\/person\/f215c002f05a579f8f2e2fd74038215c\",\"name\":\"Emil H\u00e4gglund\",\"image\":{\"@type\":\"ImageObject\",\"inLanguage\":\"en-GB\",\"@id\":\"https:\/\/secure.gravatar.com\/avatar\/eb6d13e9356b6e176ecf79bc75d391596faef394c3bae44b2c54063cbd221aef?s=96&d=mm&r=g\",\"url\":\"https:\/\/secure.gravatar.com\/avatar\/eb6d13e9356b6e176ecf79bc75d391596faef394c3bae44b2c54063cbd221aef?s=96&d=mm&r=g\",\"contentUrl\":\"https:\/\/secure.gravatar.com\/avatar\/eb6d13e9356b6e176ecf79bc75d391596faef394c3bae44b2c54063cbd221aef?s=96&d=mm&r=g\",\"caption\":\"Emil H\u00e4gglund\"},\"url\":\"https:\/\/expressionumea.se\/en\/author\/emil\/\"}]}<\/script>\n<!-- \/ Yoast SEO plugin. -->","yoast_head_json":{"title":"Join us at Young Startup Day 2024 - eXpression Ume\u00e5.","robots":{"index":"index","follow":"follow","max-snippet":"max-snippet:-1","max-image-preview":"max-image-preview:large","max-video-preview":"max-video-preview:-1"},"canonical":"https:\/\/expressionumea.se\/en\/join-young-startup-day-2024\/","og_locale":"en_GB","og_type":"article","og_title":"H\u00e4ng med p\u00e5 Young Startup Day 2024 - eXpression Ume\u00e5","og_description":"Nu kan du s\u00e4kra din plats till \u00e5rets viktigaste event f\u00f6r unga entrepren\u00f6rer i Ume\u00e5 \u2013 Young Startup Day 2024, som arrangeras i V\u00e4ven den 18 april.","og_url":"https:\/\/expressionumea.se\/en\/join-young-startup-day-2024\/","og_site_name":"eXpression Ume\u00e5","article_published_time":"2024-04-02T14:01:28+00:00","article_modified_time":"2024-04-02T14:01:35+00:00","og_image":[{"width":1000,"height":667,"url":"https:\/\/expressionumea.se\/wp-content\/uploads\/2024\/04\/A7404565.jpg","type":"image\/jpeg"}],"author":"Emil H\u00e4gglund","twitter_card":"summary_large_image","twitter_misc":{"Written by":"Emil H\u00e4gglund","Estimated reading time":"2 minutes"},"schema":{"@context":"https:\/\/schema.org","@graph":[{"@type":"Article","@id":"https:\/\/expressionumea.se\/hang-med-pa-young-startup-day-2024\/#article","isPartOf":{"@id":"https:\/\/expressionumea.se\/hang-med-pa-young-startup-day-2024\/"},"author":{"name":"Emil H\u00e4gglund","@id":"https:\/\/expressionumea.se\/#\/schema\/person\/f215c002f05a579f8f2e2fd74038215c"},"headline":"H\u00e4ng med p\u00e5 Young Startup Day 2024","datePublished":"2024-04-02T14:01:28+00:00","dateModified":"2024-04-02T14:01:35+00:00","mainEntityOfPage":{"@id":"https:\/\/expressionumea.se\/hang-med-pa-young-startup-day-2024\/"},"wordCount":315,"publisher":{"@id":"https:\/\/expressionumea.se\/#organization"},"image":{"@id":"https:\/\/expressionumea.se\/hang-med-pa-young-startup-day-2024\/#primaryimage"},"thumbnailUrl":"https:\/\/expressionumea.se\/wp-content\/uploads\/2024\/04\/A7404565.jpg","keywords":["Young Startup Day"],"articleSection":["eXpression Ume\u00e5"],"inLanguage":"en-GB"},{"@type":"WebPage","@id":"https:\/\/expressionumea.se\/hang-med-pa-young-startup-day-2024\/","url":"https:\/\/expressionumea.se\/hang-med-pa-young-startup-day-2024\/","name":"Join us at Young Startup Day 2024 - eXpression Ume\u00e5.","isPartOf":{"@id":"https:\/\/expressionumea.se\/#website"},"primaryImageOfPage":{"@id":"https:\/\/expressionumea.se\/hang-med-pa-young-startup-day-2024\/#primaryimage"},"image":{"@id":"https:\/\/expressionumea.se\/hang-med-pa-young-startup-day-2024\/#primaryimage"},"thumbnailUrl":"https:\/\/expressionumea.se\/wp-content\/uploads\/2024\/04\/A7404565.jpg","datePublished":"2024-04-02T14:01:28+00:00","dateModified":"2024-04-02T14:01:35+00:00","breadcrumb":{"@id":"https:\/\/expressionumea.se\/hang-med-pa-young-startup-day-2024\/#breadcrumb"},"inLanguage":"en-GB","potentialAction":[{"@type":"ReadAction","target":["https:\/\/expressionumea.se\/hang-med-pa-young-startup-day-2024\/"]}]},{"@type":"ImageObject","inLanguage":"en-GB","@id":"https:\/\/expressionumea.se\/hang-med-pa-young-startup-day-2024\/#primaryimage","url":"https:\/\/expressionumea.se\/wp-content\/uploads\/2024\/04\/A7404565.jpg","contentUrl":"https:\/\/expressionumea.se\/wp-content\/uploads\/2024\/04\/A7404565.jpg","width":1000,"height":667},{"@type":"BreadcrumbList","@id":"https:\/\/expressionumea.se\/hang-med-pa-young-startup-day-2024\/#breadcrumb","itemListElement":[{"@type":"ListItem","position":1,"name":"Hem","item":"https:\/\/expressionumea.se\/"},{"@type":"ListItem","position":2,"name":"H\u00e4ng med p\u00e5 Young Startup Day 2024"}]},{"@type":"WebSite","@id":"https:\/\/expressionumea.se\/#website","url":"https:\/\/expressionumea.se\/","name":"eXpression Ume\u00e5","description":"Creative minds unite","publisher":{"@id":"https:\/\/expressionumea.se\/#organization"},"potentialAction":[{"@type":"SearchAction","target":{"@type":"EntryPoint","urlTemplate":"https:\/\/expressionumea.se\/?s={search_term_string}"},"query-input":{"@type":"PropertyValueSpecification","valueRequired":true,"valueName":"search_term_string"}}],"inLanguage":"en-GB"},{"@type":"Organization","@id":"https:\/\/expressionumea.se\/#organization","name":"eXpression Ume\u00e5","url":"https:\/\/expressionumea.se\/","logo":{"@type":"ImageObject","inLanguage":"en-GB","@id":"https:\/\/expressionumea.se\/#\/schema\/logo\/image\/","url":"https:\/\/expressionumea.se\/wp-content\/uploads\/2020\/06\/expression-ume-logotyp.png","contentUrl":"https:\/\/expressionumea.se\/wp-content\/uploads\/2020\/06\/expression-ume-logotyp.png","width":375,"height":98,"caption":"eXpression Ume\u00e5"},"image":{"@id":"https:\/\/expressionumea.se\/#\/schema\/logo\/image\/"}},{"@type":"Person","@id":"https:\/\/expressionumea.se\/#\/schema\/person\/f215c002f05a579f8f2e2fd74038215c","name":"Emil H\u00e4gglund","image":{"@type":"ImageObject","inLanguage":"en-GB","@id":"https:\/\/secure.gravatar.com\/avatar\/eb6d13e9356b6e176ecf79bc75d391596faef394c3bae44b2c54063cbd221aef?s=96&d=mm&r=g","url":"https:\/\/secure.gravatar.com\/avatar\/eb6d13e9356b6e176ecf79bc75d391596faef394c3bae44b2c54063cbd221aef?s=96&d=mm&r=g","contentUrl":"https:\/\/secure.gravatar.com\/avatar\/eb6d13e9356b6e176ecf79bc75d391596faef394c3bae44b2c54063cbd221aef?s=96&d=mm&r=g","caption":"Emil H\u00e4gglund"},"url":"https:\/\/expressionumea.se\/en\/author\/emil\/"}]}},"_links":{"self":[{"href":"https:\/\/expressionumea.se\/en\/wp-json\/wp\/v2\/posts\/24916","targetHints":{"allow":["GET"]}}],"collection":[{"href":"https:\/\/expressionumea.se\/en\/wp-json\/wp\/v2\/posts"}],"about":[{"href":"https:\/\/expressionumea.se\/en\/wp-json\/wp\/v2\/types\/post"}],"author":[{"embeddable":true,"href":"https:\/\/expressionumea.se\/en\/wp-json\/wp\/v2\/users\/6"}],"replies":[{"embeddable":true,"href":"https:\/\/expressionumea.se\/en\/wp-json\/wp\/v2\/comments?post=24916"}],"version-history":[{"count":8,"href":"https:\/\/expressionumea.se\/en\/wp-json\/wp\/v2\/posts\/24916\/revisions"}],"predecessor-version":[{"id":24926,"href":"https:\/\/expressionumea.se\/en\/wp-json\/wp\/v2\/posts\/24916\/revisions\/24926"}],"wp:featuredmedia":[{"embeddable":true,"href":"https:\/\/expressionumea.se\/en\/wp-json\/wp\/v2\/media\/24923"}],"wp:attachment":[{"href":"https:\/\/expressionumea.se\/en\/wp-json\/wp\/v2\/media?parent=24916"}],"wp:term":[{"taxonomy":"category","embeddable":true,"href":"https:\/\/expressionumea.se\/en\/wp-json\/wp\/v2\/categories?post=24916"},{"taxonomy":"post_tag","embeddable":true,"href":"https:\/\/expressionumea.se\/en\/wp-json\/wp\/v2\/tags?post=24916"},{"taxonomy":"eu-finansiering","embeddable":true,"href":"https:\/\/expressionumea.se\/en\/wp-json\/wp\/v2\/eu-finansiering?post=24916"},{"taxonomy":"artikeltyp","embeddable":true,"href":"https:\/\/expressionumea.se\/en\/wp-json\/wp\/v2\/artikeltyp?post=24916"}],"curies":[{"name":"wp","href":"https:\/\/api.w.org\/{rel}","templated":true}]}}