{"id":25106,"date":"2024-05-07T11:05:42","date_gmt":"2024-05-07T09:05:42","guid":{"rendered":"https:\/\/expressionumea.se\/?p=25106"},"modified":"2024-05-07T11:05:46","modified_gmt":"2024-05-07T09:05:46","slug":"kick-off-design-week-in-the-countryside","status":"publish","type":"post","link":"https:\/\/expressionumea.se\/en\/kicka-igang-designveckan-pa-bygden\/","title":{"rendered":"Kick off the design week at Bygden!"},"content":{"rendered":"<p><strong>Welcome to a pre-party with talk before the design week, awesome guests, bubbles, mingle and not least Random Bastards + DJ Maja (known from Tr\u00e4dg\u00e5rden).<\/strong><\/p>\n\n\n\n<p>During the days 27 May - 2 June, Ume\u00e5 is hosting a design festival! There is a lot happening on the artistic campus and also around the city. Among other things, the School of Design, Architecture and Art has its graduation exhibitions and some creative collectives open up their businesses and studios.\u00a0\u00a0<\/p>\n\n\n\n<p>Of course, all parties should start with a proper pre-party. That's why we're inviting you to a full evening of great music, bubbly with a mingle platter, exciting guests and a look at some local creative initiatives.&nbsp;&nbsp;<\/p>\n\n\n\n<p>From 20.00 until late, there will be a takeover. Random Bastards will take the stage and release new merch on the spot - they will also be supported by DJ Maja.&nbsp;&nbsp;<\/p>\n\n\n\n<p>&nbsp;The village keeps the bar open until we go home!&nbsp;<\/p>\n\n\n\n<p>As we will have some international guests, everything from the stage will be in English. The pre-party is organised together with Ume\u00e5 municipality.<\/p>\n\n\n\n<p><a href=\"https:\/\/frfesten.confetti.events\/\">Sign up today for the Pre-Festival<\/a> <\/p>\n\n\n\n<p>Welcome!\u00a0<\/p>","protected":false},"excerpt":{"rendered":"<p>Kick off the design week at Bygden! Talk with awesome guests, bubble, mingle and not least Random Bastards + DJ Maja (known from Tr\u00e4dg\u00e5rden).\u00a0<\/p>","protected":false},"author":6,"featured_media":25107,"comment_status":"closed","ping_status":"open","sticky":false,"template":"","format":"standard","meta":{"footnotes":""},"categories":[657,659,660,662,663,664,665,666,667,668,669],"tags":[],"eu-finansiering":[],"artikeltyp":[628],"class_list":["post-25106","post","type-post","status-publish","format-standard","has-post-thumbnail","hentry","category-arkitektur","category-design","category-film-och-foto","category-konst","category-litteratur","category-livsmedel-och-gastronomi","category-media","category-mode","category-musik","category-scenkonst","category-spel","search-category-artikel","artikeltyp-nyheter"],"yoast_head":"<!-- This site is optimized with the Yoast SEO plugin v27.2 - https:\/\/yoast.com\/product\/yoast-seo-wordpress\/ -->\n<title>Kicka ig\u00e5ng designveckan p\u00e5 Bygden! - eXpression Ume\u00e5<\/title>\n<meta name=\"robots\" content=\"index, follow, max-snippet:-1, max-image-preview:large, max-video-preview:-1\" \/>\n<link rel=\"canonical\" href=\"https:\/\/expressionumea.se\/en\/kick-off-design-week-in-the-countryside\/\" \/>\n<meta property=\"og:locale\" content=\"en_GB\" \/>\n<meta property=\"og:type\" content=\"article\" \/>\n<meta property=\"og:title\" content=\"Kicka ig\u00e5ng designveckan p\u00e5 Bygden! - eXpression Ume\u00e5\" \/>\n<meta property=\"og:description\" content=\"Kicka ig\u00e5ng designveckan p\u00e5 Bygden! Uppsnack med grymma g\u00e4ster, bubbel, mingel och inte minst Random Bastards + DJ Maja (k\u00e4nd fr\u00e5n Tr\u00e4dg\u00e5rden).\u00a0\" \/>\n<meta property=\"og:url\" content=\"https:\/\/expressionumea.se\/en\/kick-off-design-week-in-the-countryside\/\" \/>\n<meta property=\"og:site_name\" content=\"eXpression Ume\u00e5\" \/>\n<meta property=\"article:published_time\" content=\"2024-05-07T09:05:42+00:00\" \/>\n<meta property=\"article:modified_time\" content=\"2024-05-07T09:05:46+00:00\" \/>\n<meta property=\"og:image\" content=\"https:\/\/expressionumea.se\/wp-content\/uploads\/2024\/05\/Banner_Forfesten_1080_19202-scaled.jpg\" \/>\n\t<meta property=\"og:image:width\" content=\"2560\" \/>\n\t<meta property=\"og:image:height\" content=\"1440\" \/>\n\t<meta property=\"og:image:type\" content=\"image\/jpeg\" \/>\n<meta name=\"author\" content=\"Emil H\u00e4gglund\" \/>\n<meta name=\"twitter:card\" content=\"summary_large_image\" \/>\n<meta name=\"twitter:label1\" content=\"Written by\" \/>\n\t<meta name=\"twitter:data1\" content=\"Emil H\u00e4gglund\" \/>\n\t<meta name=\"twitter:label2\" content=\"Estimated reading time\" \/>\n\t<meta name=\"twitter:data2\" content=\"1 minute\" \/>\n<script type=\"application\/ld+json\" class=\"yoast-schema-graph\">{\"@context\":\"https:\/\/schema.org\",\"@graph\":[{\"@type\":\"Article\",\"@id\":\"https:\/\/expressionumea.se\/kicka-igang-designveckan-pa-bygden\/#article\",\"isPartOf\":{\"@id\":\"https:\/\/expressionumea.se\/kicka-igang-designveckan-pa-bygden\/\"},\"author\":{\"name\":\"Emil H\u00e4gglund\",\"@id\":\"https:\/\/expressionumea.se\/#\/schema\/person\/f215c002f05a579f8f2e2fd74038215c\"},\"headline\":\"Kicka ig\u00e5ng designveckan p\u00e5 Bygden!\",\"datePublished\":\"2024-05-07T09:05:42+00:00\",\"dateModified\":\"2024-05-07T09:05:46+00:00\",\"mainEntityOfPage\":{\"@id\":\"https:\/\/expressionumea.se\/kicka-igang-designveckan-pa-bygden\/\"},\"wordCount\":206,\"publisher\":{\"@id\":\"https:\/\/expressionumea.se\/#organization\"},\"image\":{\"@id\":\"https:\/\/expressionumea.se\/kicka-igang-designveckan-pa-bygden\/#primaryimage\"},\"thumbnailUrl\":\"https:\/\/expressionumea.se\/wp-content\/uploads\/2024\/05\/Banner_Forfesten_1080_19202-scaled.jpg\",\"articleSection\":[\"Arkitektur\",\"Design\",\"Film och foto\",\"Konst\",\"Litteratur\",\"Livsmedel och Gastronomi\",\"Media\",\"Mode\",\"Musik\",\"Scenkonst\",\"Spel\"],\"inLanguage\":\"en-GB\"},{\"@type\":\"WebPage\",\"@id\":\"https:\/\/expressionumea.se\/kicka-igang-designveckan-pa-bygden\/\",\"url\":\"https:\/\/expressionumea.se\/kicka-igang-designveckan-pa-bygden\/\",\"name\":\"Kicka ig\u00e5ng designveckan p\u00e5 Bygden! - eXpression Ume\u00e5\",\"isPartOf\":{\"@id\":\"https:\/\/expressionumea.se\/#website\"},\"primaryImageOfPage\":{\"@id\":\"https:\/\/expressionumea.se\/kicka-igang-designveckan-pa-bygden\/#primaryimage\"},\"image\":{\"@id\":\"https:\/\/expressionumea.se\/kicka-igang-designveckan-pa-bygden\/#primaryimage\"},\"thumbnailUrl\":\"https:\/\/expressionumea.se\/wp-content\/uploads\/2024\/05\/Banner_Forfesten_1080_19202-scaled.jpg\",\"datePublished\":\"2024-05-07T09:05:42+00:00\",\"dateModified\":\"2024-05-07T09:05:46+00:00\",\"breadcrumb\":{\"@id\":\"https:\/\/expressionumea.se\/kicka-igang-designveckan-pa-bygden\/#breadcrumb\"},\"inLanguage\":\"en-GB\",\"potentialAction\":[{\"@type\":\"ReadAction\",\"target\":[\"https:\/\/expressionumea.se\/kicka-igang-designveckan-pa-bygden\/\"]}]},{\"@type\":\"ImageObject\",\"inLanguage\":\"en-GB\",\"@id\":\"https:\/\/expressionumea.se\/kicka-igang-designveckan-pa-bygden\/#primaryimage\",\"url\":\"https:\/\/expressionumea.se\/wp-content\/uploads\/2024\/05\/Banner_Forfesten_1080_19202-scaled.jpg\",\"contentUrl\":\"https:\/\/expressionumea.se\/wp-content\/uploads\/2024\/05\/Banner_Forfesten_1080_19202-scaled.jpg\",\"width\":2560,\"height\":1440},{\"@type\":\"BreadcrumbList\",\"@id\":\"https:\/\/expressionumea.se\/kicka-igang-designveckan-pa-bygden\/#breadcrumb\",\"itemListElement\":[{\"@type\":\"ListItem\",\"position\":1,\"name\":\"Hem\",\"item\":\"https:\/\/expressionumea.se\/\"},{\"@type\":\"ListItem\",\"position\":2,\"name\":\"Kicka ig\u00e5ng designveckan p\u00e5 Bygden!\"}]},{\"@type\":\"WebSite\",\"@id\":\"https:\/\/expressionumea.se\/#website\",\"url\":\"https:\/\/expressionumea.se\/\",\"name\":\"eXpression Ume\u00e5\",\"description\":\"Creative minds unite\",\"publisher\":{\"@id\":\"https:\/\/expressionumea.se\/#organization\"},\"potentialAction\":[{\"@type\":\"SearchAction\",\"target\":{\"@type\":\"EntryPoint\",\"urlTemplate\":\"https:\/\/expressionumea.se\/?s={search_term_string}\"},\"query-input\":{\"@type\":\"PropertyValueSpecification\",\"valueRequired\":true,\"valueName\":\"search_term_string\"}}],\"inLanguage\":\"en-GB\"},{\"@type\":\"Organization\",\"@id\":\"https:\/\/expressionumea.se\/#organization\",\"name\":\"eXpression Ume\u00e5\",\"url\":\"https:\/\/expressionumea.se\/\",\"logo\":{\"@type\":\"ImageObject\",\"inLanguage\":\"en-GB\",\"@id\":\"https:\/\/expressionumea.se\/#\/schema\/logo\/image\/\",\"url\":\"https:\/\/expressionumea.se\/wp-content\/uploads\/2020\/06\/expression-ume-logotyp.png\",\"contentUrl\":\"https:\/\/expressionumea.se\/wp-content\/uploads\/2020\/06\/expression-ume-logotyp.png\",\"width\":375,\"height\":98,\"caption\":\"eXpression Ume\u00e5\"},\"image\":{\"@id\":\"https:\/\/expressionumea.se\/#\/schema\/logo\/image\/\"}},{\"@type\":\"Person\",\"@id\":\"https:\/\/expressionumea.se\/#\/schema\/person\/f215c002f05a579f8f2e2fd74038215c\",\"name\":\"Emil H\u00e4gglund\",\"image\":{\"@type\":\"ImageObject\",\"inLanguage\":\"en-GB\",\"@id\":\"https:\/\/secure.gravatar.com\/avatar\/eb6d13e9356b6e176ecf79bc75d391596faef394c3bae44b2c54063cbd221aef?s=96&d=mm&r=g\",\"url\":\"https:\/\/secure.gravatar.com\/avatar\/eb6d13e9356b6e176ecf79bc75d391596faef394c3bae44b2c54063cbd221aef?s=96&d=mm&r=g\",\"contentUrl\":\"https:\/\/secure.gravatar.com\/avatar\/eb6d13e9356b6e176ecf79bc75d391596faef394c3bae44b2c54063cbd221aef?s=96&d=mm&r=g\",\"caption\":\"Emil H\u00e4gglund\"},\"url\":\"https:\/\/expressionumea.se\/en\/author\/emil\/\"}]}<\/script>\n<!-- \/ Yoast SEO plugin. -->","yoast_head_json":{"title":"Kick off the design week at Bygden! - eXpression Ume\u00e5","robots":{"index":"index","follow":"follow","max-snippet":"max-snippet:-1","max-image-preview":"max-image-preview:large","max-video-preview":"max-video-preview:-1"},"canonical":"https:\/\/expressionumea.se\/en\/kick-off-design-week-in-the-countryside\/","og_locale":"en_GB","og_type":"article","og_title":"Kicka ig\u00e5ng designveckan p\u00e5 Bygden! - eXpression Ume\u00e5","og_description":"Kicka ig\u00e5ng designveckan p\u00e5 Bygden! Uppsnack med grymma g\u00e4ster, bubbel, mingel och inte minst Random Bastards + DJ Maja (k\u00e4nd fr\u00e5n Tr\u00e4dg\u00e5rden).\u00a0","og_url":"https:\/\/expressionumea.se\/en\/kick-off-design-week-in-the-countryside\/","og_site_name":"eXpression Ume\u00e5","article_published_time":"2024-05-07T09:05:42+00:00","article_modified_time":"2024-05-07T09:05:46+00:00","og_image":[{"width":2560,"height":1440,"url":"https:\/\/expressionumea.se\/wp-content\/uploads\/2024\/05\/Banner_Forfesten_1080_19202-scaled.jpg","type":"image\/jpeg"}],"author":"Emil H\u00e4gglund","twitter_card":"summary_large_image","twitter_misc":{"Written by":"Emil H\u00e4gglund","Estimated reading time":"1 minute"},"schema":{"@context":"https:\/\/schema.org","@graph":[{"@type":"Article","@id":"https:\/\/expressionumea.se\/kicka-igang-designveckan-pa-bygden\/#article","isPartOf":{"@id":"https:\/\/expressionumea.se\/kicka-igang-designveckan-pa-bygden\/"},"author":{"name":"Emil H\u00e4gglund","@id":"https:\/\/expressionumea.se\/#\/schema\/person\/f215c002f05a579f8f2e2fd74038215c"},"headline":"Kicka ig\u00e5ng designveckan p\u00e5 Bygden!","datePublished":"2024-05-07T09:05:42+00:00","dateModified":"2024-05-07T09:05:46+00:00","mainEntityOfPage":{"@id":"https:\/\/expressionumea.se\/kicka-igang-designveckan-pa-bygden\/"},"wordCount":206,"publisher":{"@id":"https:\/\/expressionumea.se\/#organization"},"image":{"@id":"https:\/\/expressionumea.se\/kicka-igang-designveckan-pa-bygden\/#primaryimage"},"thumbnailUrl":"https:\/\/expressionumea.se\/wp-content\/uploads\/2024\/05\/Banner_Forfesten_1080_19202-scaled.jpg","articleSection":["Arkitektur","Design","Film och foto","Konst","Litteratur","Livsmedel och Gastronomi","Media","Mode","Musik","Scenkonst","Spel"],"inLanguage":"en-GB"},{"@type":"WebPage","@id":"https:\/\/expressionumea.se\/kicka-igang-designveckan-pa-bygden\/","url":"https:\/\/expressionumea.se\/kicka-igang-designveckan-pa-bygden\/","name":"Kick off the design week at Bygden! - eXpression Ume\u00e5","isPartOf":{"@id":"https:\/\/expressionumea.se\/#website"},"primaryImageOfPage":{"@id":"https:\/\/expressionumea.se\/kicka-igang-designveckan-pa-bygden\/#primaryimage"},"image":{"@id":"https:\/\/expressionumea.se\/kicka-igang-designveckan-pa-bygden\/#primaryimage"},"thumbnailUrl":"https:\/\/expressionumea.se\/wp-content\/uploads\/2024\/05\/Banner_Forfesten_1080_19202-scaled.jpg","datePublished":"2024-05-07T09:05:42+00:00","dateModified":"2024-05-07T09:05:46+00:00","breadcrumb":{"@id":"https:\/\/expressionumea.se\/kicka-igang-designveckan-pa-bygden\/#breadcrumb"},"inLanguage":"en-GB","potentialAction":[{"@type":"ReadAction","target":["https:\/\/expressionumea.se\/kicka-igang-designveckan-pa-bygden\/"]}]},{"@type":"ImageObject","inLanguage":"en-GB","@id":"https:\/\/expressionumea.se\/kicka-igang-designveckan-pa-bygden\/#primaryimage","url":"https:\/\/expressionumea.se\/wp-content\/uploads\/2024\/05\/Banner_Forfesten_1080_19202-scaled.jpg","contentUrl":"https:\/\/expressionumea.se\/wp-content\/uploads\/2024\/05\/Banner_Forfesten_1080_19202-scaled.jpg","width":2560,"height":1440},{"@type":"BreadcrumbList","@id":"https:\/\/expressionumea.se\/kicka-igang-designveckan-pa-bygden\/#breadcrumb","itemListElement":[{"@type":"ListItem","position":1,"name":"Hem","item":"https:\/\/expressionumea.se\/"},{"@type":"ListItem","position":2,"name":"Kicka ig\u00e5ng designveckan p\u00e5 Bygden!"}]},{"@type":"WebSite","@id":"https:\/\/expressionumea.se\/#website","url":"https:\/\/expressionumea.se\/","name":"eXpression Ume\u00e5","description":"Creative minds unite","publisher":{"@id":"https:\/\/expressionumea.se\/#organization"},"potentialAction":[{"@type":"SearchAction","target":{"@type":"EntryPoint","urlTemplate":"https:\/\/expressionumea.se\/?s={search_term_string}"},"query-input":{"@type":"PropertyValueSpecification","valueRequired":true,"valueName":"search_term_string"}}],"inLanguage":"en-GB"},{"@type":"Organization","@id":"https:\/\/expressionumea.se\/#organization","name":"eXpression Ume\u00e5","url":"https:\/\/expressionumea.se\/","logo":{"@type":"ImageObject","inLanguage":"en-GB","@id":"https:\/\/expressionumea.se\/#\/schema\/logo\/image\/","url":"https:\/\/expressionumea.se\/wp-content\/uploads\/2020\/06\/expression-ume-logotyp.png","contentUrl":"https:\/\/expressionumea.se\/wp-content\/uploads\/2020\/06\/expression-ume-logotyp.png","width":375,"height":98,"caption":"eXpression Ume\u00e5"},"image":{"@id":"https:\/\/expressionumea.se\/#\/schema\/logo\/image\/"}},{"@type":"Person","@id":"https:\/\/expressionumea.se\/#\/schema\/person\/f215c002f05a579f8f2e2fd74038215c","name":"Emil H\u00e4gglund","image":{"@type":"ImageObject","inLanguage":"en-GB","@id":"https:\/\/secure.gravatar.com\/avatar\/eb6d13e9356b6e176ecf79bc75d391596faef394c3bae44b2c54063cbd221aef?s=96&d=mm&r=g","url":"https:\/\/secure.gravatar.com\/avatar\/eb6d13e9356b6e176ecf79bc75d391596faef394c3bae44b2c54063cbd221aef?s=96&d=mm&r=g","contentUrl":"https:\/\/secure.gravatar.com\/avatar\/eb6d13e9356b6e176ecf79bc75d391596faef394c3bae44b2c54063cbd221aef?s=96&d=mm&r=g","caption":"Emil H\u00e4gglund"},"url":"https:\/\/expressionumea.se\/en\/author\/emil\/"}]}},"_links":{"self":[{"href":"https:\/\/expressionumea.se\/en\/wp-json\/wp\/v2\/posts\/25106","targetHints":{"allow":["GET"]}}],"collection":[{"href":"https:\/\/expressionumea.se\/en\/wp-json\/wp\/v2\/posts"}],"about":[{"href":"https:\/\/expressionumea.se\/en\/wp-json\/wp\/v2\/types\/post"}],"author":[{"embeddable":true,"href":"https:\/\/expressionumea.se\/en\/wp-json\/wp\/v2\/users\/6"}],"replies":[{"embeddable":true,"href":"https:\/\/expressionumea.se\/en\/wp-json\/wp\/v2\/comments?post=25106"}],"version-history":[{"count":5,"href":"https:\/\/expressionumea.se\/en\/wp-json\/wp\/v2\/posts\/25106\/revisions"}],"predecessor-version":[{"id":25118,"href":"https:\/\/expressionumea.se\/en\/wp-json\/wp\/v2\/posts\/25106\/revisions\/25118"}],"wp:featuredmedia":[{"embeddable":true,"href":"https:\/\/expressionumea.se\/en\/wp-json\/wp\/v2\/media\/25107"}],"wp:attachment":[{"href":"https:\/\/expressionumea.se\/en\/wp-json\/wp\/v2\/media?parent=25106"}],"wp:term":[{"taxonomy":"category","embeddable":true,"href":"https:\/\/expressionumea.se\/en\/wp-json\/wp\/v2\/categories?post=25106"},{"taxonomy":"post_tag","embeddable":true,"href":"https:\/\/expressionumea.se\/en\/wp-json\/wp\/v2\/tags?post=25106"},{"taxonomy":"eu-finansiering","embeddable":true,"href":"https:\/\/expressionumea.se\/en\/wp-json\/wp\/v2\/eu-finansiering?post=25106"},{"taxonomy":"artikeltyp","embeddable":true,"href":"https:\/\/expressionumea.se\/en\/wp-json\/wp\/v2\/artikeltyp?post=25106"}],"curies":[{"name":"wp","href":"https:\/\/api.w.org\/{rel}","templated":true}]}}