{"id":25260,"date":"2024-06-03T15:25:42","date_gmt":"2024-06-03T13:25:42","guid":{"rendered":"https:\/\/expressionumea.se\/?p=25260"},"modified":"2024-06-03T15:34:41","modified_gmt":"2024-06-03T13:34:41","slug":"sara-sandstrom-new-honorary-doctorate-at-umea-university","status":"publish","type":"post","link":"https:\/\/expressionumea.se\/en\/sara-sandstrom-ny-hedersdoktor-vid-umea-universitet\/","title":{"rendered":"Sara Sandstr\u00f6m new honorary doctor at Ume\u00e5 University"},"content":{"rendered":"<p><strong>Sara Sandstr\u00f6m, former board member and now part of the eXpression Industry Council, has been awarded the honourable title of Honorary Doctor of Ume\u00e5 University. With an impressive commitment to spreading contemporary art both locally and globally, she has made a real impact<\/strong>. <\/p>\n\n\n\n<p>As Executive Director of the Princess Estelle Cultural Foundation and with a background as a gallery owner, Sara has contributed greatly to the Faculty of Humanities' work in arts and cultural entrepreneurship. Her innovative and passionate work has been recognised by colleagues and the art world. She has worked hard to make art accessible and engaging to a wide audience, both in Ume\u00e5 and internationally<a href=\"https:\/\/www.umu.se\/nyheter\/sara-sandstrom-och-harald-gaski-hedersdoktorer-i-umea_11944244\/\" target=\"_blank\" rel=\"noreferrer noopener\"><\/a>\u200b\u200b<a href=\"https:\/\/www.konstguiden.com\/lasvart\/sara-sandstrom-och-harald-gaski-nya-hedersdoktorer-vid-umea-universitet\/\" target=\"_blank\" rel=\"noreferrer noopener\"><\/a>.<\/p>\n\n\n\n<p>The award recognises Sara's significant achievements and her ability to inspire others in the arts. She has also been a driving force in developing cultural projects and collaborations that strengthen the arts scene at large. <\/p>\n\n\n\n<p><strong>We congratulate Sara on this prestigious award!<\/strong><\/p>\n\n\n\n<ul class=\"wp-block-list\">\n<li><a href=\"https:\/\/www.umu.se\/nyheter\/sara-sandstrom-och-harald-gaski-hedersdoktorer-i-umea_11944244\/\">Read also the article on the Ume\u00e5 University website.<\/a><\/li>\n<\/ul>\n\n\n\n<p>Photo: \u00d6rjan Furberg (<a href=\"https:\/\/www.preks.se\/\">Princess Estelle Cultural Foundation<\/a>)<\/p>","protected":false},"excerpt":{"rendered":"<p>Sara Sandstr\u00f6m, tidigare styrelseledamot och numera en del av eXpression branschr\u00e5d, har f\u00e5tt den \u00e4rofyllda titeln hedersdoktor vid Ume\u00e5 universitet. Med ett imponerande engagemang f\u00f6r att sprida samtida konst b\u00e5de lokalt och globalt har hon verkligen gjort avtryck. Som verksamhetsledare f\u00f6r Prinsessan Estelles Kulturstiftelse och med en bakgrund som gallerist, har Sara bidragit stort till [&hellip;]<\/p>\n","protected":false},"author":6,"featured_media":25262,"comment_status":"closed","ping_status":"open","sticky":false,"template":"","format":"standard","meta":{"footnotes":""},"categories":[662],"tags":[923,916,415],"eu-finansiering":[],"artikeltyp":[628],"class_list":["post-25260","post","type-post","status-publish","format-standard","has-post-thumbnail","hentry","category-konst","tag-hedersdoktor","tag-sara-sandstrom","tag-umea-universitet","search-category-artikel","artikeltyp-nyheter"],"yoast_head":"<!-- This site is optimized with the Yoast SEO plugin v27.2 - https:\/\/yoast.com\/product\/yoast-seo-wordpress\/ -->\n<title>Sara Sandstr\u00f6m ny hedersdoktor vid Ume\u00e5 universitet - eXpression Ume\u00e5<\/title>\n<meta name=\"robots\" content=\"index, follow, max-snippet:-1, max-image-preview:large, max-video-preview:-1\" \/>\n<link rel=\"canonical\" href=\"https:\/\/expressionumea.se\/en\/sara-sandstrom-new-honorary-doctorate-at-umea-university\/\" \/>\n<meta property=\"og:locale\" content=\"en_GB\" \/>\n<meta property=\"og:type\" content=\"article\" \/>\n<meta property=\"og:title\" content=\"Sara Sandstr\u00f6m ny hedersdoktor vid Ume\u00e5 universitet - eXpression Ume\u00e5\" \/>\n<meta property=\"og:description\" content=\"Sara Sandstr\u00f6m, tidigare styrelseledamot och numera en del av eXpression branschr\u00e5d, har f\u00e5tt den \u00e4rofyllda titeln hedersdoktor vid Ume\u00e5 universitet. Med ett imponerande engagemang f\u00f6r att sprida samtida konst b\u00e5de lokalt och globalt har hon verkligen gjort avtryck. Som verksamhetsledare f\u00f6r Prinsessan Estelles Kulturstiftelse och med en bakgrund som gallerist, har Sara bidragit stort till [&hellip;]\" \/>\n<meta property=\"og:url\" content=\"https:\/\/expressionumea.se\/en\/sara-sandstrom-new-honorary-doctorate-at-umea-university\/\" \/>\n<meta property=\"og:site_name\" content=\"eXpression Ume\u00e5\" \/>\n<meta property=\"article:published_time\" content=\"2024-06-03T13:25:42+00:00\" \/>\n<meta property=\"article:modified_time\" content=\"2024-06-03T13:34:41+00:00\" \/>\n<meta property=\"og:image\" content=\"https:\/\/expressionumea.se\/wp-content\/uploads\/2024\/06\/Penone__PRESS_249A4750.jpg\" \/>\n\t<meta property=\"og:image:width\" content=\"1920\" \/>\n\t<meta property=\"og:image:height\" content=\"1080\" \/>\n\t<meta property=\"og:image:type\" content=\"image\/jpeg\" \/>\n<meta name=\"author\" content=\"Emil H\u00e4gglund\" \/>\n<meta name=\"twitter:card\" content=\"summary_large_image\" \/>\n<meta name=\"twitter:label1\" content=\"Written by\" \/>\n\t<meta name=\"twitter:data1\" content=\"Emil H\u00e4gglund\" \/>\n\t<meta name=\"twitter:label2\" content=\"Estimated reading time\" \/>\n\t<meta name=\"twitter:data2\" content=\"1 minute\" \/>\n<script type=\"application\/ld+json\" class=\"yoast-schema-graph\">{\"@context\":\"https:\/\/schema.org\",\"@graph\":[{\"@type\":\"Article\",\"@id\":\"https:\/\/expressionumea.se\/sara-sandstrom-ny-hedersdoktor-vid-umea-universitet\/#article\",\"isPartOf\":{\"@id\":\"https:\/\/expressionumea.se\/sara-sandstrom-ny-hedersdoktor-vid-umea-universitet\/\"},\"author\":{\"name\":\"Emil H\u00e4gglund\",\"@id\":\"https:\/\/expressionumea.se\/#\/schema\/person\/f215c002f05a579f8f2e2fd74038215c\"},\"headline\":\"Sara Sandstr\u00f6m ny hedersdoktor vid Ume\u00e5 universitet\",\"datePublished\":\"2024-06-03T13:25:42+00:00\",\"dateModified\":\"2024-06-03T13:34:41+00:00\",\"mainEntityOfPage\":{\"@id\":\"https:\/\/expressionumea.se\/sara-sandstrom-ny-hedersdoktor-vid-umea-universitet\/\"},\"wordCount\":179,\"publisher\":{\"@id\":\"https:\/\/expressionumea.se\/#organization\"},\"image\":{\"@id\":\"https:\/\/expressionumea.se\/sara-sandstrom-ny-hedersdoktor-vid-umea-universitet\/#primaryimage\"},\"thumbnailUrl\":\"https:\/\/expressionumea.se\/wp-content\/uploads\/2024\/06\/Penone__PRESS_249A4750.jpg\",\"keywords\":[\"hedersdoktor\",\"Sara Sandstr\u00f6m\",\"Ume\u00e5 universitet\"],\"articleSection\":[\"Konst\"],\"inLanguage\":\"en-GB\"},{\"@type\":\"WebPage\",\"@id\":\"https:\/\/expressionumea.se\/sara-sandstrom-ny-hedersdoktor-vid-umea-universitet\/\",\"url\":\"https:\/\/expressionumea.se\/sara-sandstrom-ny-hedersdoktor-vid-umea-universitet\/\",\"name\":\"Sara Sandstr\u00f6m ny hedersdoktor vid Ume\u00e5 universitet - eXpression Ume\u00e5\",\"isPartOf\":{\"@id\":\"https:\/\/expressionumea.se\/#website\"},\"primaryImageOfPage\":{\"@id\":\"https:\/\/expressionumea.se\/sara-sandstrom-ny-hedersdoktor-vid-umea-universitet\/#primaryimage\"},\"image\":{\"@id\":\"https:\/\/expressionumea.se\/sara-sandstrom-ny-hedersdoktor-vid-umea-universitet\/#primaryimage\"},\"thumbnailUrl\":\"https:\/\/expressionumea.se\/wp-content\/uploads\/2024\/06\/Penone__PRESS_249A4750.jpg\",\"datePublished\":\"2024-06-03T13:25:42+00:00\",\"dateModified\":\"2024-06-03T13:34:41+00:00\",\"breadcrumb\":{\"@id\":\"https:\/\/expressionumea.se\/sara-sandstrom-ny-hedersdoktor-vid-umea-universitet\/#breadcrumb\"},\"inLanguage\":\"en-GB\",\"potentialAction\":[{\"@type\":\"ReadAction\",\"target\":[\"https:\/\/expressionumea.se\/sara-sandstrom-ny-hedersdoktor-vid-umea-universitet\/\"]}]},{\"@type\":\"ImageObject\",\"inLanguage\":\"en-GB\",\"@id\":\"https:\/\/expressionumea.se\/sara-sandstrom-ny-hedersdoktor-vid-umea-universitet\/#primaryimage\",\"url\":\"https:\/\/expressionumea.se\/wp-content\/uploads\/2024\/06\/Penone__PRESS_249A4750.jpg\",\"contentUrl\":\"https:\/\/expressionumea.se\/wp-content\/uploads\/2024\/06\/Penone__PRESS_249A4750.jpg\",\"width\":1920,\"height\":1080},{\"@type\":\"BreadcrumbList\",\"@id\":\"https:\/\/expressionumea.se\/sara-sandstrom-ny-hedersdoktor-vid-umea-universitet\/#breadcrumb\",\"itemListElement\":[{\"@type\":\"ListItem\",\"position\":1,\"name\":\"Hem\",\"item\":\"https:\/\/expressionumea.se\/\"},{\"@type\":\"ListItem\",\"position\":2,\"name\":\"Sara Sandstr\u00f6m ny hedersdoktor vid Ume\u00e5 universitet\"}]},{\"@type\":\"WebSite\",\"@id\":\"https:\/\/expressionumea.se\/#website\",\"url\":\"https:\/\/expressionumea.se\/\",\"name\":\"eXpression Ume\u00e5\",\"description\":\"Creative minds unite\",\"publisher\":{\"@id\":\"https:\/\/expressionumea.se\/#organization\"},\"potentialAction\":[{\"@type\":\"SearchAction\",\"target\":{\"@type\":\"EntryPoint\",\"urlTemplate\":\"https:\/\/expressionumea.se\/?s={search_term_string}\"},\"query-input\":{\"@type\":\"PropertyValueSpecification\",\"valueRequired\":true,\"valueName\":\"search_term_string\"}}],\"inLanguage\":\"en-GB\"},{\"@type\":\"Organization\",\"@id\":\"https:\/\/expressionumea.se\/#organization\",\"name\":\"eXpression Ume\u00e5\",\"url\":\"https:\/\/expressionumea.se\/\",\"logo\":{\"@type\":\"ImageObject\",\"inLanguage\":\"en-GB\",\"@id\":\"https:\/\/expressionumea.se\/#\/schema\/logo\/image\/\",\"url\":\"https:\/\/expressionumea.se\/wp-content\/uploads\/2020\/06\/expression-ume-logotyp.png\",\"contentUrl\":\"https:\/\/expressionumea.se\/wp-content\/uploads\/2020\/06\/expression-ume-logotyp.png\",\"width\":375,\"height\":98,\"caption\":\"eXpression Ume\u00e5\"},\"image\":{\"@id\":\"https:\/\/expressionumea.se\/#\/schema\/logo\/image\/\"}},{\"@type\":\"Person\",\"@id\":\"https:\/\/expressionumea.se\/#\/schema\/person\/f215c002f05a579f8f2e2fd74038215c\",\"name\":\"Emil H\u00e4gglund\",\"image\":{\"@type\":\"ImageObject\",\"inLanguage\":\"en-GB\",\"@id\":\"https:\/\/secure.gravatar.com\/avatar\/eb6d13e9356b6e176ecf79bc75d391596faef394c3bae44b2c54063cbd221aef?s=96&d=mm&r=g\",\"url\":\"https:\/\/secure.gravatar.com\/avatar\/eb6d13e9356b6e176ecf79bc75d391596faef394c3bae44b2c54063cbd221aef?s=96&d=mm&r=g\",\"contentUrl\":\"https:\/\/secure.gravatar.com\/avatar\/eb6d13e9356b6e176ecf79bc75d391596faef394c3bae44b2c54063cbd221aef?s=96&d=mm&r=g\",\"caption\":\"Emil H\u00e4gglund\"},\"url\":\"https:\/\/expressionumea.se\/en\/author\/emil\/\"}]}<\/script>\n<!-- \/ Yoast SEO plugin. -->","yoast_head_json":{"title":"Sara Sandstr\u00f6m new honorary doctor at Ume\u00e5 University - eXpression Ume\u00e5","robots":{"index":"index","follow":"follow","max-snippet":"max-snippet:-1","max-image-preview":"max-image-preview:large","max-video-preview":"max-video-preview:-1"},"canonical":"https:\/\/expressionumea.se\/en\/sara-sandstrom-new-honorary-doctorate-at-umea-university\/","og_locale":"en_GB","og_type":"article","og_title":"Sara Sandstr\u00f6m ny hedersdoktor vid Ume\u00e5 universitet - eXpression Ume\u00e5","og_description":"Sara Sandstr\u00f6m, tidigare styrelseledamot och numera en del av eXpression branschr\u00e5d, har f\u00e5tt den \u00e4rofyllda titeln hedersdoktor vid Ume\u00e5 universitet. Med ett imponerande engagemang f\u00f6r att sprida samtida konst b\u00e5de lokalt och globalt har hon verkligen gjort avtryck. Som verksamhetsledare f\u00f6r Prinsessan Estelles Kulturstiftelse och med en bakgrund som gallerist, har Sara bidragit stort till [&hellip;]","og_url":"https:\/\/expressionumea.se\/en\/sara-sandstrom-new-honorary-doctorate-at-umea-university\/","og_site_name":"eXpression Ume\u00e5","article_published_time":"2024-06-03T13:25:42+00:00","article_modified_time":"2024-06-03T13:34:41+00:00","og_image":[{"width":1920,"height":1080,"url":"https:\/\/expressionumea.se\/wp-content\/uploads\/2024\/06\/Penone__PRESS_249A4750.jpg","type":"image\/jpeg"}],"author":"Emil H\u00e4gglund","twitter_card":"summary_large_image","twitter_misc":{"Written by":"Emil H\u00e4gglund","Estimated reading time":"1 minute"},"schema":{"@context":"https:\/\/schema.org","@graph":[{"@type":"Article","@id":"https:\/\/expressionumea.se\/sara-sandstrom-ny-hedersdoktor-vid-umea-universitet\/#article","isPartOf":{"@id":"https:\/\/expressionumea.se\/sara-sandstrom-ny-hedersdoktor-vid-umea-universitet\/"},"author":{"name":"Emil H\u00e4gglund","@id":"https:\/\/expressionumea.se\/#\/schema\/person\/f215c002f05a579f8f2e2fd74038215c"},"headline":"Sara Sandstr\u00f6m ny hedersdoktor vid Ume\u00e5 universitet","datePublished":"2024-06-03T13:25:42+00:00","dateModified":"2024-06-03T13:34:41+00:00","mainEntityOfPage":{"@id":"https:\/\/expressionumea.se\/sara-sandstrom-ny-hedersdoktor-vid-umea-universitet\/"},"wordCount":179,"publisher":{"@id":"https:\/\/expressionumea.se\/#organization"},"image":{"@id":"https:\/\/expressionumea.se\/sara-sandstrom-ny-hedersdoktor-vid-umea-universitet\/#primaryimage"},"thumbnailUrl":"https:\/\/expressionumea.se\/wp-content\/uploads\/2024\/06\/Penone__PRESS_249A4750.jpg","keywords":["hedersdoktor","Sara Sandstr\u00f6m","Ume\u00e5 universitet"],"articleSection":["Konst"],"inLanguage":"en-GB"},{"@type":"WebPage","@id":"https:\/\/expressionumea.se\/sara-sandstrom-ny-hedersdoktor-vid-umea-universitet\/","url":"https:\/\/expressionumea.se\/sara-sandstrom-ny-hedersdoktor-vid-umea-universitet\/","name":"Sara Sandstr\u00f6m new honorary doctor at Ume\u00e5 University - eXpression Ume\u00e5","isPartOf":{"@id":"https:\/\/expressionumea.se\/#website"},"primaryImageOfPage":{"@id":"https:\/\/expressionumea.se\/sara-sandstrom-ny-hedersdoktor-vid-umea-universitet\/#primaryimage"},"image":{"@id":"https:\/\/expressionumea.se\/sara-sandstrom-ny-hedersdoktor-vid-umea-universitet\/#primaryimage"},"thumbnailUrl":"https:\/\/expressionumea.se\/wp-content\/uploads\/2024\/06\/Penone__PRESS_249A4750.jpg","datePublished":"2024-06-03T13:25:42+00:00","dateModified":"2024-06-03T13:34:41+00:00","breadcrumb":{"@id":"https:\/\/expressionumea.se\/sara-sandstrom-ny-hedersdoktor-vid-umea-universitet\/#breadcrumb"},"inLanguage":"en-GB","potentialAction":[{"@type":"ReadAction","target":["https:\/\/expressionumea.se\/sara-sandstrom-ny-hedersdoktor-vid-umea-universitet\/"]}]},{"@type":"ImageObject","inLanguage":"en-GB","@id":"https:\/\/expressionumea.se\/sara-sandstrom-ny-hedersdoktor-vid-umea-universitet\/#primaryimage","url":"https:\/\/expressionumea.se\/wp-content\/uploads\/2024\/06\/Penone__PRESS_249A4750.jpg","contentUrl":"https:\/\/expressionumea.se\/wp-content\/uploads\/2024\/06\/Penone__PRESS_249A4750.jpg","width":1920,"height":1080},{"@type":"BreadcrumbList","@id":"https:\/\/expressionumea.se\/sara-sandstrom-ny-hedersdoktor-vid-umea-universitet\/#breadcrumb","itemListElement":[{"@type":"ListItem","position":1,"name":"Hem","item":"https:\/\/expressionumea.se\/"},{"@type":"ListItem","position":2,"name":"Sara Sandstr\u00f6m ny hedersdoktor vid Ume\u00e5 universitet"}]},{"@type":"WebSite","@id":"https:\/\/expressionumea.se\/#website","url":"https:\/\/expressionumea.se\/","name":"eXpression Ume\u00e5","description":"Creative minds unite","publisher":{"@id":"https:\/\/expressionumea.se\/#organization"},"potentialAction":[{"@type":"SearchAction","target":{"@type":"EntryPoint","urlTemplate":"https:\/\/expressionumea.se\/?s={search_term_string}"},"query-input":{"@type":"PropertyValueSpecification","valueRequired":true,"valueName":"search_term_string"}}],"inLanguage":"en-GB"},{"@type":"Organization","@id":"https:\/\/expressionumea.se\/#organization","name":"eXpression Ume\u00e5","url":"https:\/\/expressionumea.se\/","logo":{"@type":"ImageObject","inLanguage":"en-GB","@id":"https:\/\/expressionumea.se\/#\/schema\/logo\/image\/","url":"https:\/\/expressionumea.se\/wp-content\/uploads\/2020\/06\/expression-ume-logotyp.png","contentUrl":"https:\/\/expressionumea.se\/wp-content\/uploads\/2020\/06\/expression-ume-logotyp.png","width":375,"height":98,"caption":"eXpression Ume\u00e5"},"image":{"@id":"https:\/\/expressionumea.se\/#\/schema\/logo\/image\/"}},{"@type":"Person","@id":"https:\/\/expressionumea.se\/#\/schema\/person\/f215c002f05a579f8f2e2fd74038215c","name":"Emil H\u00e4gglund","image":{"@type":"ImageObject","inLanguage":"en-GB","@id":"https:\/\/secure.gravatar.com\/avatar\/eb6d13e9356b6e176ecf79bc75d391596faef394c3bae44b2c54063cbd221aef?s=96&d=mm&r=g","url":"https:\/\/secure.gravatar.com\/avatar\/eb6d13e9356b6e176ecf79bc75d391596faef394c3bae44b2c54063cbd221aef?s=96&d=mm&r=g","contentUrl":"https:\/\/secure.gravatar.com\/avatar\/eb6d13e9356b6e176ecf79bc75d391596faef394c3bae44b2c54063cbd221aef?s=96&d=mm&r=g","caption":"Emil H\u00e4gglund"},"url":"https:\/\/expressionumea.se\/en\/author\/emil\/"}]}},"_links":{"self":[{"href":"https:\/\/expressionumea.se\/en\/wp-json\/wp\/v2\/posts\/25260","targetHints":{"allow":["GET"]}}],"collection":[{"href":"https:\/\/expressionumea.se\/en\/wp-json\/wp\/v2\/posts"}],"about":[{"href":"https:\/\/expressionumea.se\/en\/wp-json\/wp\/v2\/types\/post"}],"author":[{"embeddable":true,"href":"https:\/\/expressionumea.se\/en\/wp-json\/wp\/v2\/users\/6"}],"replies":[{"embeddable":true,"href":"https:\/\/expressionumea.se\/en\/wp-json\/wp\/v2\/comments?post=25260"}],"version-history":[{"count":4,"href":"https:\/\/expressionumea.se\/en\/wp-json\/wp\/v2\/posts\/25260\/revisions"}],"predecessor-version":[{"id":25266,"href":"https:\/\/expressionumea.se\/en\/wp-json\/wp\/v2\/posts\/25260\/revisions\/25266"}],"wp:featuredmedia":[{"embeddable":true,"href":"https:\/\/expressionumea.se\/en\/wp-json\/wp\/v2\/media\/25262"}],"wp:attachment":[{"href":"https:\/\/expressionumea.se\/en\/wp-json\/wp\/v2\/media?parent=25260"}],"wp:term":[{"taxonomy":"category","embeddable":true,"href":"https:\/\/expressionumea.se\/en\/wp-json\/wp\/v2\/categories?post=25260"},{"taxonomy":"post_tag","embeddable":true,"href":"https:\/\/expressionumea.se\/en\/wp-json\/wp\/v2\/tags?post=25260"},{"taxonomy":"eu-finansiering","embeddable":true,"href":"https:\/\/expressionumea.se\/en\/wp-json\/wp\/v2\/eu-finansiering?post=25260"},{"taxonomy":"artikeltyp","embeddable":true,"href":"https:\/\/expressionumea.se\/en\/wp-json\/wp\/v2\/artikeltyp?post=25260"}],"curies":[{"name":"wp","href":"https:\/\/api.w.org\/{rel}","templated":true}]}}