{"id":25376,"date":"2024-06-20T10:58:51","date_gmt":"2024-06-20T08:58:51","guid":{"rendered":"https:\/\/expressionumea.se\/?p=25376"},"modified":"2024-06-20T11:07:32","modified_gmt":"2024-06-20T09:07:32","slug":"take-your-idea-to-a-viable-business-in-host","status":"publish","type":"post","link":"https:\/\/expressionumea.se\/en\/ta-din-ide-till-ett-hallbart-foretag-i-host\/","title":{"rendered":"Take your idea to a sustainable business this autumn"},"content":{"rendered":"<p><strong>Do you want to develop your creative idea into a sustainable business? Now is your chance to apply for the autumn round of our pre-incubator programme Express, which starts on 16 October. The programme offers support and tools to develop and test your business idea.<\/strong><\/p>\n\n\n\n<blockquote class=\"wp-block-quote is-layout-flow wp-block-quote-is-layout-flow\">\n<p>\"We put a lot of focus on gathering insights and knowledge about what the real problem is, and how it can best be solved. There is always a lot going on with the business ideas during the programme,\" says <strong>Fanny Lind\u00e9n<\/strong> which together with <strong>Emil H\u00e4gglund<\/strong> is responsible for Express<\/p>\n<\/blockquote>\n\n\n\n<p>The programme focuses on helping you understand and meet the needs of your potential customers. By focusing on customer- and user-centred development, as well as a deep understanding of the market, you can smartly position your idea.<\/p>\n\n\n\n<blockquote class=\"wp-block-quote is-layout-flow wp-block-quote-is-layout-flow\">\n<p>Express gives you the opportunity to meet other creative entrepreneurs and innovators who are ready to take the next step in their business. It is a valued programme that really takes your business development forward,\" says <strong>Emil H\u00e4gglund<\/strong>.<\/p>\n<\/blockquote>\n\n\n\n<p>The free programme includes nine workshops, individual coaching and an office space for six months. In addition, access to prototyping workshops, a sound studio, and a community with breakfasts and after-works are offered. All applicants are contacted by eXpression to discuss the business idea and application.<\/p>\n\n\n\n<p>Don't hesitate - apply for the autumn round of the Express Programme today!<\/p>\n\n\n\n<p>For more information and to apply, <a href=\"https:\/\/expressionumea.se\/en\/program\/express\/\">visit the Express programme page<\/a>.<\/p>\n\n\n\n<p>DO YOU HAVE QUESTIONS ABOUT EXPRESS? CONTACT US! <br>Emil H\u00e4gglund: <a>emil.hagglund@expressionumea.se<\/a> <br>Fanny Lind\u00e9n: <a>fanny.linden@expressionumea.se<\/a><\/p>","protected":false},"excerpt":{"rendered":"<p>Do you want to develop your creative idea into a sustainable business? Now is your chance to apply for the autumn round of our pre-incubator programme Express, which starts on 16 October. The programme offers support and tools to develop and test your business idea.<\/p>","protected":false},"author":3,"featured_media":25377,"comment_status":"closed","ping_status":"open","sticky":false,"template":"","format":"standard","meta":{"footnotes":""},"categories":[416],"tags":[],"eu-finansiering":[],"artikeltyp":[628],"class_list":["post-25376","post","type-post","status-publish","format-standard","has-post-thumbnail","hentry","category-express","search-category-artikel","artikeltyp-nyheter"],"yoast_head":"<!-- This site is optimized with the Yoast SEO plugin v27.2 - https:\/\/yoast.com\/product\/yoast-seo-wordpress\/ -->\n<title>Ta din id\u00e9 till ett h\u00e5llbart f\u00f6retag i h\u00f6st - eXpression Ume\u00e5<\/title>\n<meta name=\"robots\" content=\"index, follow, max-snippet:-1, max-image-preview:large, max-video-preview:-1\" \/>\n<link rel=\"canonical\" href=\"https:\/\/expressionumea.se\/en\/take-your-idea-to-a-viable-business-in-host\/\" \/>\n<meta property=\"og:locale\" content=\"en_GB\" \/>\n<meta property=\"og:type\" content=\"article\" \/>\n<meta property=\"og:title\" content=\"Ta din id\u00e9 till ett h\u00e5llbart f\u00f6retag i h\u00f6st - eXpression Ume\u00e5\" \/>\n<meta property=\"og:description\" content=\"Vill du utveckla din kreativa id\u00e9 till ett h\u00e5llbart f\u00f6retag? Nu har du chansen att ans\u00f6ka till h\u00f6stomg\u00e5ngen av v\u00e5rt f\u00f6rinkubatorprogram Express, som startar den 16 oktober. Programmet erbjuder st\u00f6d och verktyg f\u00f6r att utveckla och testa din aff\u00e4rsid\u00e9.\" \/>\n<meta property=\"og:url\" content=\"https:\/\/expressionumea.se\/en\/take-your-idea-to-a-viable-business-in-host\/\" \/>\n<meta property=\"og:site_name\" content=\"eXpression Ume\u00e5\" \/>\n<meta property=\"article:published_time\" content=\"2024-06-20T08:58:51+00:00\" \/>\n<meta property=\"article:modified_time\" content=\"2024-06-20T09:07:32+00:00\" \/>\n<meta property=\"og:image\" content=\"https:\/\/expressionumea.se\/wp-content\/uploads\/2024\/06\/Namnlos-design-63.jpg\" \/>\n\t<meta property=\"og:image:width\" content=\"1920\" \/>\n\t<meta property=\"og:image:height\" content=\"1080\" \/>\n\t<meta property=\"og:image:type\" content=\"image\/jpeg\" \/>\n<meta name=\"author\" content=\"Amanda Westin\" \/>\n<meta name=\"twitter:card\" content=\"summary_large_image\" \/>\n<meta name=\"twitter:label1\" content=\"Written by\" \/>\n\t<meta name=\"twitter:data1\" content=\"Amanda Westin\" \/>\n\t<meta name=\"twitter:label2\" content=\"Estimated reading time\" \/>\n\t<meta name=\"twitter:data2\" content=\"1 minute\" \/>\n<script type=\"application\/ld+json\" class=\"yoast-schema-graph\">{\"@context\":\"https:\/\/schema.org\",\"@graph\":[{\"@type\":\"Article\",\"@id\":\"https:\/\/expressionumea.se\/ta-din-ide-till-ett-hallbart-foretag-i-host\/#article\",\"isPartOf\":{\"@id\":\"https:\/\/expressionumea.se\/ta-din-ide-till-ett-hallbart-foretag-i-host\/\"},\"author\":{\"name\":\"Amanda Westin\",\"@id\":\"https:\/\/expressionumea.se\/#\/schema\/person\/447f387dc1a31eefe29aad36b6535a5e\"},\"headline\":\"Ta din id\u00e9 till ett h\u00e5llbart f\u00f6retag i h\u00f6st\",\"datePublished\":\"2024-06-20T08:58:51+00:00\",\"dateModified\":\"2024-06-20T09:07:32+00:00\",\"mainEntityOfPage\":{\"@id\":\"https:\/\/expressionumea.se\/ta-din-ide-till-ett-hallbart-foretag-i-host\/\"},\"wordCount\":292,\"publisher\":{\"@id\":\"https:\/\/expressionumea.se\/#organization\"},\"image\":{\"@id\":\"https:\/\/expressionumea.se\/ta-din-ide-till-ett-hallbart-foretag-i-host\/#primaryimage\"},\"thumbnailUrl\":\"https:\/\/expressionumea.se\/wp-content\/uploads\/2024\/06\/Namnlos-design-63.jpg\",\"articleSection\":[\"eXpress\"],\"inLanguage\":\"en-GB\"},{\"@type\":\"WebPage\",\"@id\":\"https:\/\/expressionumea.se\/ta-din-ide-till-ett-hallbart-foretag-i-host\/\",\"url\":\"https:\/\/expressionumea.se\/ta-din-ide-till-ett-hallbart-foretag-i-host\/\",\"name\":\"Ta din id\u00e9 till ett h\u00e5llbart f\u00f6retag i h\u00f6st - eXpression Ume\u00e5\",\"isPartOf\":{\"@id\":\"https:\/\/expressionumea.se\/#website\"},\"primaryImageOfPage\":{\"@id\":\"https:\/\/expressionumea.se\/ta-din-ide-till-ett-hallbart-foretag-i-host\/#primaryimage\"},\"image\":{\"@id\":\"https:\/\/expressionumea.se\/ta-din-ide-till-ett-hallbart-foretag-i-host\/#primaryimage\"},\"thumbnailUrl\":\"https:\/\/expressionumea.se\/wp-content\/uploads\/2024\/06\/Namnlos-design-63.jpg\",\"datePublished\":\"2024-06-20T08:58:51+00:00\",\"dateModified\":\"2024-06-20T09:07:32+00:00\",\"breadcrumb\":{\"@id\":\"https:\/\/expressionumea.se\/ta-din-ide-till-ett-hallbart-foretag-i-host\/#breadcrumb\"},\"inLanguage\":\"en-GB\",\"potentialAction\":[{\"@type\":\"ReadAction\",\"target\":[\"https:\/\/expressionumea.se\/ta-din-ide-till-ett-hallbart-foretag-i-host\/\"]}]},{\"@type\":\"ImageObject\",\"inLanguage\":\"en-GB\",\"@id\":\"https:\/\/expressionumea.se\/ta-din-ide-till-ett-hallbart-foretag-i-host\/#primaryimage\",\"url\":\"https:\/\/expressionumea.se\/wp-content\/uploads\/2024\/06\/Namnlos-design-63.jpg\",\"contentUrl\":\"https:\/\/expressionumea.se\/wp-content\/uploads\/2024\/06\/Namnlos-design-63.jpg\",\"width\":1920,\"height\":1080},{\"@type\":\"BreadcrumbList\",\"@id\":\"https:\/\/expressionumea.se\/ta-din-ide-till-ett-hallbart-foretag-i-host\/#breadcrumb\",\"itemListElement\":[{\"@type\":\"ListItem\",\"position\":1,\"name\":\"Hem\",\"item\":\"https:\/\/expressionumea.se\/\"},{\"@type\":\"ListItem\",\"position\":2,\"name\":\"Ta din id\u00e9 till ett h\u00e5llbart f\u00f6retag i h\u00f6st\"}]},{\"@type\":\"WebSite\",\"@id\":\"https:\/\/expressionumea.se\/#website\",\"url\":\"https:\/\/expressionumea.se\/\",\"name\":\"eXpression Ume\u00e5\",\"description\":\"Creative minds unite\",\"publisher\":{\"@id\":\"https:\/\/expressionumea.se\/#organization\"},\"potentialAction\":[{\"@type\":\"SearchAction\",\"target\":{\"@type\":\"EntryPoint\",\"urlTemplate\":\"https:\/\/expressionumea.se\/?s={search_term_string}\"},\"query-input\":{\"@type\":\"PropertyValueSpecification\",\"valueRequired\":true,\"valueName\":\"search_term_string\"}}],\"inLanguage\":\"en-GB\"},{\"@type\":\"Organization\",\"@id\":\"https:\/\/expressionumea.se\/#organization\",\"name\":\"eXpression Ume\u00e5\",\"url\":\"https:\/\/expressionumea.se\/\",\"logo\":{\"@type\":\"ImageObject\",\"inLanguage\":\"en-GB\",\"@id\":\"https:\/\/expressionumea.se\/#\/schema\/logo\/image\/\",\"url\":\"https:\/\/expressionumea.se\/wp-content\/uploads\/2020\/06\/expression-ume-logotyp.png\",\"contentUrl\":\"https:\/\/expressionumea.se\/wp-content\/uploads\/2020\/06\/expression-ume-logotyp.png\",\"width\":375,\"height\":98,\"caption\":\"eXpression Ume\u00e5\"},\"image\":{\"@id\":\"https:\/\/expressionumea.se\/#\/schema\/logo\/image\/\"}},{\"@type\":\"Person\",\"@id\":\"https:\/\/expressionumea.se\/#\/schema\/person\/447f387dc1a31eefe29aad36b6535a5e\",\"name\":\"Amanda Westin\",\"image\":{\"@type\":\"ImageObject\",\"inLanguage\":\"en-GB\",\"@id\":\"https:\/\/secure.gravatar.com\/avatar\/37af2a7bf20d1aaaac0375ce58cb2263291586e86ef5592e05485e613e095908?s=96&d=mm&r=g\",\"url\":\"https:\/\/secure.gravatar.com\/avatar\/37af2a7bf20d1aaaac0375ce58cb2263291586e86ef5592e05485e613e095908?s=96&d=mm&r=g\",\"contentUrl\":\"https:\/\/secure.gravatar.com\/avatar\/37af2a7bf20d1aaaac0375ce58cb2263291586e86ef5592e05485e613e095908?s=96&d=mm&r=g\",\"caption\":\"Amanda Westin\"},\"url\":\"https:\/\/expressionumea.se\/en\/author\/amanda-westin\/\"}]}<\/script>\n<!-- \/ Yoast SEO plugin. -->","yoast_head_json":{"title":"Take your idea to a sustainable business this autumn - eXpression Ume\u00e5","robots":{"index":"index","follow":"follow","max-snippet":"max-snippet:-1","max-image-preview":"max-image-preview:large","max-video-preview":"max-video-preview:-1"},"canonical":"https:\/\/expressionumea.se\/en\/take-your-idea-to-a-viable-business-in-host\/","og_locale":"en_GB","og_type":"article","og_title":"Ta din id\u00e9 till ett h\u00e5llbart f\u00f6retag i h\u00f6st - eXpression Ume\u00e5","og_description":"Vill du utveckla din kreativa id\u00e9 till ett h\u00e5llbart f\u00f6retag? Nu har du chansen att ans\u00f6ka till h\u00f6stomg\u00e5ngen av v\u00e5rt f\u00f6rinkubatorprogram Express, som startar den 16 oktober. Programmet erbjuder st\u00f6d och verktyg f\u00f6r att utveckla och testa din aff\u00e4rsid\u00e9.","og_url":"https:\/\/expressionumea.se\/en\/take-your-idea-to-a-viable-business-in-host\/","og_site_name":"eXpression Ume\u00e5","article_published_time":"2024-06-20T08:58:51+00:00","article_modified_time":"2024-06-20T09:07:32+00:00","og_image":[{"width":1920,"height":1080,"url":"https:\/\/expressionumea.se\/wp-content\/uploads\/2024\/06\/Namnlos-design-63.jpg","type":"image\/jpeg"}],"author":"Amanda Westin","twitter_card":"summary_large_image","twitter_misc":{"Written by":"Amanda Westin","Estimated reading time":"1 minute"},"schema":{"@context":"https:\/\/schema.org","@graph":[{"@type":"Article","@id":"https:\/\/expressionumea.se\/ta-din-ide-till-ett-hallbart-foretag-i-host\/#article","isPartOf":{"@id":"https:\/\/expressionumea.se\/ta-din-ide-till-ett-hallbart-foretag-i-host\/"},"author":{"name":"Amanda Westin","@id":"https:\/\/expressionumea.se\/#\/schema\/person\/447f387dc1a31eefe29aad36b6535a5e"},"headline":"Ta din id\u00e9 till ett h\u00e5llbart f\u00f6retag i h\u00f6st","datePublished":"2024-06-20T08:58:51+00:00","dateModified":"2024-06-20T09:07:32+00:00","mainEntityOfPage":{"@id":"https:\/\/expressionumea.se\/ta-din-ide-till-ett-hallbart-foretag-i-host\/"},"wordCount":292,"publisher":{"@id":"https:\/\/expressionumea.se\/#organization"},"image":{"@id":"https:\/\/expressionumea.se\/ta-din-ide-till-ett-hallbart-foretag-i-host\/#primaryimage"},"thumbnailUrl":"https:\/\/expressionumea.se\/wp-content\/uploads\/2024\/06\/Namnlos-design-63.jpg","articleSection":["eXpress"],"inLanguage":"en-GB"},{"@type":"WebPage","@id":"https:\/\/expressionumea.se\/ta-din-ide-till-ett-hallbart-foretag-i-host\/","url":"https:\/\/expressionumea.se\/ta-din-ide-till-ett-hallbart-foretag-i-host\/","name":"Take your idea to a sustainable business this autumn - eXpression Ume\u00e5","isPartOf":{"@id":"https:\/\/expressionumea.se\/#website"},"primaryImageOfPage":{"@id":"https:\/\/expressionumea.se\/ta-din-ide-till-ett-hallbart-foretag-i-host\/#primaryimage"},"image":{"@id":"https:\/\/expressionumea.se\/ta-din-ide-till-ett-hallbart-foretag-i-host\/#primaryimage"},"thumbnailUrl":"https:\/\/expressionumea.se\/wp-content\/uploads\/2024\/06\/Namnlos-design-63.jpg","datePublished":"2024-06-20T08:58:51+00:00","dateModified":"2024-06-20T09:07:32+00:00","breadcrumb":{"@id":"https:\/\/expressionumea.se\/ta-din-ide-till-ett-hallbart-foretag-i-host\/#breadcrumb"},"inLanguage":"en-GB","potentialAction":[{"@type":"ReadAction","target":["https:\/\/expressionumea.se\/ta-din-ide-till-ett-hallbart-foretag-i-host\/"]}]},{"@type":"ImageObject","inLanguage":"en-GB","@id":"https:\/\/expressionumea.se\/ta-din-ide-till-ett-hallbart-foretag-i-host\/#primaryimage","url":"https:\/\/expressionumea.se\/wp-content\/uploads\/2024\/06\/Namnlos-design-63.jpg","contentUrl":"https:\/\/expressionumea.se\/wp-content\/uploads\/2024\/06\/Namnlos-design-63.jpg","width":1920,"height":1080},{"@type":"BreadcrumbList","@id":"https:\/\/expressionumea.se\/ta-din-ide-till-ett-hallbart-foretag-i-host\/#breadcrumb","itemListElement":[{"@type":"ListItem","position":1,"name":"Hem","item":"https:\/\/expressionumea.se\/"},{"@type":"ListItem","position":2,"name":"Ta din id\u00e9 till ett h\u00e5llbart f\u00f6retag i h\u00f6st"}]},{"@type":"WebSite","@id":"https:\/\/expressionumea.se\/#website","url":"https:\/\/expressionumea.se\/","name":"eXpression Ume\u00e5","description":"Creative minds unite","publisher":{"@id":"https:\/\/expressionumea.se\/#organization"},"potentialAction":[{"@type":"SearchAction","target":{"@type":"EntryPoint","urlTemplate":"https:\/\/expressionumea.se\/?s={search_term_string}"},"query-input":{"@type":"PropertyValueSpecification","valueRequired":true,"valueName":"search_term_string"}}],"inLanguage":"en-GB"},{"@type":"Organization","@id":"https:\/\/expressionumea.se\/#organization","name":"eXpression Ume\u00e5","url":"https:\/\/expressionumea.se\/","logo":{"@type":"ImageObject","inLanguage":"en-GB","@id":"https:\/\/expressionumea.se\/#\/schema\/logo\/image\/","url":"https:\/\/expressionumea.se\/wp-content\/uploads\/2020\/06\/expression-ume-logotyp.png","contentUrl":"https:\/\/expressionumea.se\/wp-content\/uploads\/2020\/06\/expression-ume-logotyp.png","width":375,"height":98,"caption":"eXpression Ume\u00e5"},"image":{"@id":"https:\/\/expressionumea.se\/#\/schema\/logo\/image\/"}},{"@type":"Person","@id":"https:\/\/expressionumea.se\/#\/schema\/person\/447f387dc1a31eefe29aad36b6535a5e","name":"Amanda Westin","image":{"@type":"ImageObject","inLanguage":"en-GB","@id":"https:\/\/secure.gravatar.com\/avatar\/37af2a7bf20d1aaaac0375ce58cb2263291586e86ef5592e05485e613e095908?s=96&d=mm&r=g","url":"https:\/\/secure.gravatar.com\/avatar\/37af2a7bf20d1aaaac0375ce58cb2263291586e86ef5592e05485e613e095908?s=96&d=mm&r=g","contentUrl":"https:\/\/secure.gravatar.com\/avatar\/37af2a7bf20d1aaaac0375ce58cb2263291586e86ef5592e05485e613e095908?s=96&d=mm&r=g","caption":"Amanda Westin"},"url":"https:\/\/expressionumea.se\/en\/author\/amanda-westin\/"}]}},"_links":{"self":[{"href":"https:\/\/expressionumea.se\/en\/wp-json\/wp\/v2\/posts\/25376","targetHints":{"allow":["GET"]}}],"collection":[{"href":"https:\/\/expressionumea.se\/en\/wp-json\/wp\/v2\/posts"}],"about":[{"href":"https:\/\/expressionumea.se\/en\/wp-json\/wp\/v2\/types\/post"}],"author":[{"embeddable":true,"href":"https:\/\/expressionumea.se\/en\/wp-json\/wp\/v2\/users\/3"}],"replies":[{"embeddable":true,"href":"https:\/\/expressionumea.se\/en\/wp-json\/wp\/v2\/comments?post=25376"}],"version-history":[{"count":5,"href":"https:\/\/expressionumea.se\/en\/wp-json\/wp\/v2\/posts\/25376\/revisions"}],"predecessor-version":[{"id":25384,"href":"https:\/\/expressionumea.se\/en\/wp-json\/wp\/v2\/posts\/25376\/revisions\/25384"}],"wp:featuredmedia":[{"embeddable":true,"href":"https:\/\/expressionumea.se\/en\/wp-json\/wp\/v2\/media\/25377"}],"wp:attachment":[{"href":"https:\/\/expressionumea.se\/en\/wp-json\/wp\/v2\/media?parent=25376"}],"wp:term":[{"taxonomy":"category","embeddable":true,"href":"https:\/\/expressionumea.se\/en\/wp-json\/wp\/v2\/categories?post=25376"},{"taxonomy":"post_tag","embeddable":true,"href":"https:\/\/expressionumea.se\/en\/wp-json\/wp\/v2\/tags?post=25376"},{"taxonomy":"eu-finansiering","embeddable":true,"href":"https:\/\/expressionumea.se\/en\/wp-json\/wp\/v2\/eu-finansiering?post=25376"},{"taxonomy":"artikeltyp","embeddable":true,"href":"https:\/\/expressionumea.se\/en\/wp-json\/wp\/v2\/artikeltyp?post=25376"}],"curies":[{"name":"wp","href":"https:\/\/api.w.org\/{rel}","templated":true}]}}