{"id":25441,"date":"2024-08-22T15:27:11","date_gmt":"2024-08-22T13:27:11","guid":{"rendered":"https:\/\/expressionumea.se\/?p=25441"},"modified":"2024-08-22T15:28:19","modified_gmt":"2024-08-22T13:28:19","slug":"prototype-week-is-now-underway","status":"publish","type":"post","link":"https:\/\/expressionumea.se\/en\/nu-drar-prototype-week-igang\/","title":{"rendered":"Prototype Week is now underway"},"content":{"rendered":"<p><strong>Starting today, 22 August, twelve creative talents in architecture and design will gather in this summer's new venture, Prototype Week. Over 7 days, participants will develop new prototypes that can make Tvistev\u00e4gen more safe and inclusive.<\/strong><\/p>\n\n\n\n<p>Everything starts in Ume\u00e5 Energi's test centre and then continues at eXpression, where two makerspaces are available. With the support of additional partners, LF V\u00e4sterbotten and Campus X, the conditions are really good for creating innovative solutions.<\/p>\n\n\n\n<blockquote class=\"wp-block-quote is-layout-flow wp-block-quote-is-layout-flow\">\n<p>It is through this kind of collaboration that we create even better conditions to make a real difference. We are excited to follow the group's journey and look forward to the ideas and prototypes that will emerge during the week. <strong>Fanny Lind\u00e9n<\/strong>, which together with <strong>Frida Wimelius<\/strong> is responsible for Prototype Week.<\/p>\n<\/blockquote>\n\n\n\n<h2 class=\"wp-block-heading\">Here are all the participants:<\/h2>\n\n\n\n<ul class=\"wp-block-list\">\n<li>Olivia W\u00e4rme - Industrial designer<\/li>\n\n\n\n<li>Amelia Hedstr\u00f6m - Planning Architect<\/li>\n\n\n\n<li>Abdullah Al-Rubaiy - Interaction &amp; Design student<\/li>\n\n\n\n<li>Kim Granberg - Architect<\/li>\n\n\n\n<li>Lisa Selin - Industrial designer<\/li>\n\n\n\n<li>Kasimir Suter winter - Architect<\/li>\n\n\n\n<li>Jonas Eltes - Architecture student<\/li>\n\n\n\n<li>Zoe Magnusson - Interaction &amp; Design student<\/li>\n\n\n\n<li>Tekla Andersson - Architecture student<\/li>\n\n\n\n<li>Johan Bj\u00f6rn - Architect<\/li>\n\n\n\n<li>Cornelia \u00d6nnerl\u00f6v - Art student HDK<\/li>\n\n\n\n<li>Louise Rosengren - Art student HDK<\/li>\n<\/ul>\n\n\n\n<p>Prototype Week is organised together with <strong>Ume\u00e5 energy<\/strong>, <strong>LF V\u00e4sterbotten<\/strong> and <strong>Campus X<\/strong>.<\/p>\n\n\n\n<figure class=\"wp-block-image size-large is-resized\"><img fetchpriority=\"high\" decoding=\"async\" width=\"1024\" height=\"768\" src=\"https:\/\/expressionumea.se\/wp-content\/uploads\/2024\/08\/IMG_7594-1024x768.jpg\" alt=\"\" class=\"wp-image-25443\" style=\"width:840px;height:auto\" srcset=\"https:\/\/expressionumea.se\/wp-content\/uploads\/2024\/08\/IMG_7594-1024x768.jpg 1024w, https:\/\/expressionumea.se\/wp-content\/uploads\/2024\/08\/IMG_7594-300x225.jpg 300w, https:\/\/expressionumea.se\/wp-content\/uploads\/2024\/08\/IMG_7594-768x576.jpg 768w, https:\/\/expressionumea.se\/wp-content\/uploads\/2024\/08\/IMG_7594-1536x1152.jpg 1536w, https:\/\/expressionumea.se\/wp-content\/uploads\/2024\/08\/IMG_7594-2048x1536.jpg 2048w, https:\/\/expressionumea.se\/wp-content\/uploads\/2024\/08\/IMG_7594-16x12.jpg 16w\" sizes=\"(max-width: 1024px) 100vw, 1024px\" \/><figcaption class=\"wp-element-caption\">Frida Wimelius from eXpression introduces the group during the first meeting at Ume\u00e5 Energi's test centre.<\/figcaption><\/figure>\n\n\n\n<p><\/p>","protected":false},"excerpt":{"rendered":"<p>Fr\u00e5n och med idag, den 22 augusti, samlas tolv kreativa talanger inom arkitektur och design i sommarens nya satsning, Prototype Week. Under 7 dagar utvecklar deltagarna nya prototyper som kan g\u00f6ra Tvistev\u00e4gen mer trygg och inkluderande. Allt drar ig\u00e5ng i Ume\u00e5 Energis testhus f\u00f6r att sedan forts\u00e4tta hos eXpression d\u00e4r bland annat tv\u00e5 makerspace finns [&hellip;]<\/p>\n","protected":false},"author":6,"featured_media":25445,"comment_status":"closed","ping_status":"open","sticky":false,"template":"","format":"standard","meta":{"footnotes":""},"categories":[657,659,924],"tags":[],"eu-finansiering":[],"artikeltyp":[628],"class_list":["post-25441","post","type-post","status-publish","format-standard","has-post-thumbnail","hentry","category-arkitektur","category-design","category-prototypveckan","search-category-artikel","artikeltyp-nyheter"],"yoast_head":"<!-- This site is optimized with the Yoast SEO plugin v27.2 - https:\/\/yoast.com\/product\/yoast-seo-wordpress\/ -->\n<title>Nu drar Prototype Week ig\u00e5ng - eXpression Ume\u00e5<\/title>\n<meta name=\"robots\" content=\"index, follow, max-snippet:-1, max-image-preview:large, max-video-preview:-1\" \/>\n<link rel=\"canonical\" href=\"https:\/\/expressionumea.se\/en\/prototype-week-is-now-underway\/\" \/>\n<meta property=\"og:locale\" content=\"en_GB\" \/>\n<meta property=\"og:type\" content=\"article\" \/>\n<meta property=\"og:title\" content=\"Nu drar Prototype Week ig\u00e5ng - eXpression Ume\u00e5\" \/>\n<meta property=\"og:description\" content=\"Fr\u00e5n och med idag, den 22 augusti, samlas tolv kreativa talanger inom arkitektur och design i sommarens nya satsning, Prototype Week. Under 7 dagar utvecklar deltagarna nya prototyper som kan g\u00f6ra Tvistev\u00e4gen mer trygg och inkluderande. Allt drar ig\u00e5ng i Ume\u00e5 Energis testhus f\u00f6r att sedan forts\u00e4tta hos eXpression d\u00e4r bland annat tv\u00e5 makerspace finns [&hellip;]\" \/>\n<meta property=\"og:url\" content=\"https:\/\/expressionumea.se\/en\/prototype-week-is-now-underway\/\" \/>\n<meta property=\"og:site_name\" content=\"eXpression Ume\u00e5\" \/>\n<meta property=\"article:published_time\" content=\"2024-08-22T13:27:11+00:00\" \/>\n<meta property=\"article:modified_time\" content=\"2024-08-22T13:28:19+00:00\" \/>\n<meta property=\"og:image\" content=\"https:\/\/expressionumea.se\/wp-content\/uploads\/2024\/08\/prototypeweekstartar_.jpg\" \/>\n\t<meta property=\"og:image:width\" content=\"1920\" \/>\n\t<meta property=\"og:image:height\" content=\"1080\" \/>\n\t<meta property=\"og:image:type\" content=\"image\/jpeg\" \/>\n<meta name=\"author\" content=\"Emil H\u00e4gglund\" \/>\n<meta name=\"twitter:card\" content=\"summary_large_image\" \/>\n<meta name=\"twitter:label1\" content=\"Written by\" \/>\n\t<meta name=\"twitter:data1\" content=\"Emil H\u00e4gglund\" \/>\n\t<meta name=\"twitter:label2\" content=\"Estimated reading time\" \/>\n\t<meta name=\"twitter:data2\" content=\"2 minutes\" \/>\n<script type=\"application\/ld+json\" class=\"yoast-schema-graph\">{\"@context\":\"https:\/\/schema.org\",\"@graph\":[{\"@type\":\"Article\",\"@id\":\"https:\/\/expressionumea.se\/nu-drar-prototype-week-igang\/#article\",\"isPartOf\":{\"@id\":\"https:\/\/expressionumea.se\/nu-drar-prototype-week-igang\/\"},\"author\":{\"name\":\"Emil H\u00e4gglund\",\"@id\":\"https:\/\/expressionumea.se\/#\/schema\/person\/f215c002f05a579f8f2e2fd74038215c\"},\"headline\":\"Nu drar Prototype Week ig\u00e5ng\",\"datePublished\":\"2024-08-22T13:27:11+00:00\",\"dateModified\":\"2024-08-22T13:28:19+00:00\",\"mainEntityOfPage\":{\"@id\":\"https:\/\/expressionumea.se\/nu-drar-prototype-week-igang\/\"},\"wordCount\":239,\"publisher\":{\"@id\":\"https:\/\/expressionumea.se\/#organization\"},\"image\":{\"@id\":\"https:\/\/expressionumea.se\/nu-drar-prototype-week-igang\/#primaryimage\"},\"thumbnailUrl\":\"https:\/\/expressionumea.se\/wp-content\/uploads\/2024\/08\/prototypeweekstartar_.jpg\",\"articleSection\":[\"Arkitektur\",\"Design\",\"Prototypveckan\"],\"inLanguage\":\"en-GB\"},{\"@type\":\"WebPage\",\"@id\":\"https:\/\/expressionumea.se\/nu-drar-prototype-week-igang\/\",\"url\":\"https:\/\/expressionumea.se\/nu-drar-prototype-week-igang\/\",\"name\":\"Nu drar Prototype Week ig\u00e5ng - eXpression Ume\u00e5\",\"isPartOf\":{\"@id\":\"https:\/\/expressionumea.se\/#website\"},\"primaryImageOfPage\":{\"@id\":\"https:\/\/expressionumea.se\/nu-drar-prototype-week-igang\/#primaryimage\"},\"image\":{\"@id\":\"https:\/\/expressionumea.se\/nu-drar-prototype-week-igang\/#primaryimage\"},\"thumbnailUrl\":\"https:\/\/expressionumea.se\/wp-content\/uploads\/2024\/08\/prototypeweekstartar_.jpg\",\"datePublished\":\"2024-08-22T13:27:11+00:00\",\"dateModified\":\"2024-08-22T13:28:19+00:00\",\"breadcrumb\":{\"@id\":\"https:\/\/expressionumea.se\/nu-drar-prototype-week-igang\/#breadcrumb\"},\"inLanguage\":\"en-GB\",\"potentialAction\":[{\"@type\":\"ReadAction\",\"target\":[\"https:\/\/expressionumea.se\/nu-drar-prototype-week-igang\/\"]}]},{\"@type\":\"ImageObject\",\"inLanguage\":\"en-GB\",\"@id\":\"https:\/\/expressionumea.se\/nu-drar-prototype-week-igang\/#primaryimage\",\"url\":\"https:\/\/expressionumea.se\/wp-content\/uploads\/2024\/08\/prototypeweekstartar_.jpg\",\"contentUrl\":\"https:\/\/expressionumea.se\/wp-content\/uploads\/2024\/08\/prototypeweekstartar_.jpg\",\"width\":1920,\"height\":1080},{\"@type\":\"BreadcrumbList\",\"@id\":\"https:\/\/expressionumea.se\/nu-drar-prototype-week-igang\/#breadcrumb\",\"itemListElement\":[{\"@type\":\"ListItem\",\"position\":1,\"name\":\"Hem\",\"item\":\"https:\/\/expressionumea.se\/\"},{\"@type\":\"ListItem\",\"position\":2,\"name\":\"Nu drar Prototype Week ig\u00e5ng\"}]},{\"@type\":\"WebSite\",\"@id\":\"https:\/\/expressionumea.se\/#website\",\"url\":\"https:\/\/expressionumea.se\/\",\"name\":\"eXpression Ume\u00e5\",\"description\":\"Creative minds unite\",\"publisher\":{\"@id\":\"https:\/\/expressionumea.se\/#organization\"},\"potentialAction\":[{\"@type\":\"SearchAction\",\"target\":{\"@type\":\"EntryPoint\",\"urlTemplate\":\"https:\/\/expressionumea.se\/?s={search_term_string}\"},\"query-input\":{\"@type\":\"PropertyValueSpecification\",\"valueRequired\":true,\"valueName\":\"search_term_string\"}}],\"inLanguage\":\"en-GB\"},{\"@type\":\"Organization\",\"@id\":\"https:\/\/expressionumea.se\/#organization\",\"name\":\"eXpression Ume\u00e5\",\"url\":\"https:\/\/expressionumea.se\/\",\"logo\":{\"@type\":\"ImageObject\",\"inLanguage\":\"en-GB\",\"@id\":\"https:\/\/expressionumea.se\/#\/schema\/logo\/image\/\",\"url\":\"https:\/\/expressionumea.se\/wp-content\/uploads\/2020\/06\/expression-ume-logotyp.png\",\"contentUrl\":\"https:\/\/expressionumea.se\/wp-content\/uploads\/2020\/06\/expression-ume-logotyp.png\",\"width\":375,\"height\":98,\"caption\":\"eXpression Ume\u00e5\"},\"image\":{\"@id\":\"https:\/\/expressionumea.se\/#\/schema\/logo\/image\/\"}},{\"@type\":\"Person\",\"@id\":\"https:\/\/expressionumea.se\/#\/schema\/person\/f215c002f05a579f8f2e2fd74038215c\",\"name\":\"Emil H\u00e4gglund\",\"image\":{\"@type\":\"ImageObject\",\"inLanguage\":\"en-GB\",\"@id\":\"https:\/\/secure.gravatar.com\/avatar\/eb6d13e9356b6e176ecf79bc75d391596faef394c3bae44b2c54063cbd221aef?s=96&d=mm&r=g\",\"url\":\"https:\/\/secure.gravatar.com\/avatar\/eb6d13e9356b6e176ecf79bc75d391596faef394c3bae44b2c54063cbd221aef?s=96&d=mm&r=g\",\"contentUrl\":\"https:\/\/secure.gravatar.com\/avatar\/eb6d13e9356b6e176ecf79bc75d391596faef394c3bae44b2c54063cbd221aef?s=96&d=mm&r=g\",\"caption\":\"Emil H\u00e4gglund\"},\"url\":\"https:\/\/expressionumea.se\/en\/author\/emil\/\"}]}<\/script>\n<!-- \/ Yoast SEO plugin. -->","yoast_head_json":{"title":"Prototype Week is now underway - eXpression Ume\u00e5","robots":{"index":"index","follow":"follow","max-snippet":"max-snippet:-1","max-image-preview":"max-image-preview:large","max-video-preview":"max-video-preview:-1"},"canonical":"https:\/\/expressionumea.se\/en\/prototype-week-is-now-underway\/","og_locale":"en_GB","og_type":"article","og_title":"Nu drar Prototype Week ig\u00e5ng - eXpression Ume\u00e5","og_description":"Fr\u00e5n och med idag, den 22 augusti, samlas tolv kreativa talanger inom arkitektur och design i sommarens nya satsning, Prototype Week. Under 7 dagar utvecklar deltagarna nya prototyper som kan g\u00f6ra Tvistev\u00e4gen mer trygg och inkluderande. Allt drar ig\u00e5ng i Ume\u00e5 Energis testhus f\u00f6r att sedan forts\u00e4tta hos eXpression d\u00e4r bland annat tv\u00e5 makerspace finns [&hellip;]","og_url":"https:\/\/expressionumea.se\/en\/prototype-week-is-now-underway\/","og_site_name":"eXpression Ume\u00e5","article_published_time":"2024-08-22T13:27:11+00:00","article_modified_time":"2024-08-22T13:28:19+00:00","og_image":[{"width":1920,"height":1080,"url":"https:\/\/expressionumea.se\/wp-content\/uploads\/2024\/08\/prototypeweekstartar_.jpg","type":"image\/jpeg"}],"author":"Emil H\u00e4gglund","twitter_card":"summary_large_image","twitter_misc":{"Written by":"Emil H\u00e4gglund","Estimated reading time":"2 minutes"},"schema":{"@context":"https:\/\/schema.org","@graph":[{"@type":"Article","@id":"https:\/\/expressionumea.se\/nu-drar-prototype-week-igang\/#article","isPartOf":{"@id":"https:\/\/expressionumea.se\/nu-drar-prototype-week-igang\/"},"author":{"name":"Emil H\u00e4gglund","@id":"https:\/\/expressionumea.se\/#\/schema\/person\/f215c002f05a579f8f2e2fd74038215c"},"headline":"Nu drar Prototype Week ig\u00e5ng","datePublished":"2024-08-22T13:27:11+00:00","dateModified":"2024-08-22T13:28:19+00:00","mainEntityOfPage":{"@id":"https:\/\/expressionumea.se\/nu-drar-prototype-week-igang\/"},"wordCount":239,"publisher":{"@id":"https:\/\/expressionumea.se\/#organization"},"image":{"@id":"https:\/\/expressionumea.se\/nu-drar-prototype-week-igang\/#primaryimage"},"thumbnailUrl":"https:\/\/expressionumea.se\/wp-content\/uploads\/2024\/08\/prototypeweekstartar_.jpg","articleSection":["Arkitektur","Design","Prototypveckan"],"inLanguage":"en-GB"},{"@type":"WebPage","@id":"https:\/\/expressionumea.se\/nu-drar-prototype-week-igang\/","url":"https:\/\/expressionumea.se\/nu-drar-prototype-week-igang\/","name":"Prototype Week is now underway - eXpression Ume\u00e5","isPartOf":{"@id":"https:\/\/expressionumea.se\/#website"},"primaryImageOfPage":{"@id":"https:\/\/expressionumea.se\/nu-drar-prototype-week-igang\/#primaryimage"},"image":{"@id":"https:\/\/expressionumea.se\/nu-drar-prototype-week-igang\/#primaryimage"},"thumbnailUrl":"https:\/\/expressionumea.se\/wp-content\/uploads\/2024\/08\/prototypeweekstartar_.jpg","datePublished":"2024-08-22T13:27:11+00:00","dateModified":"2024-08-22T13:28:19+00:00","breadcrumb":{"@id":"https:\/\/expressionumea.se\/nu-drar-prototype-week-igang\/#breadcrumb"},"inLanguage":"en-GB","potentialAction":[{"@type":"ReadAction","target":["https:\/\/expressionumea.se\/nu-drar-prototype-week-igang\/"]}]},{"@type":"ImageObject","inLanguage":"en-GB","@id":"https:\/\/expressionumea.se\/nu-drar-prototype-week-igang\/#primaryimage","url":"https:\/\/expressionumea.se\/wp-content\/uploads\/2024\/08\/prototypeweekstartar_.jpg","contentUrl":"https:\/\/expressionumea.se\/wp-content\/uploads\/2024\/08\/prototypeweekstartar_.jpg","width":1920,"height":1080},{"@type":"BreadcrumbList","@id":"https:\/\/expressionumea.se\/nu-drar-prototype-week-igang\/#breadcrumb","itemListElement":[{"@type":"ListItem","position":1,"name":"Hem","item":"https:\/\/expressionumea.se\/"},{"@type":"ListItem","position":2,"name":"Nu drar Prototype Week ig\u00e5ng"}]},{"@type":"WebSite","@id":"https:\/\/expressionumea.se\/#website","url":"https:\/\/expressionumea.se\/","name":"eXpression Ume\u00e5","description":"Creative minds unite","publisher":{"@id":"https:\/\/expressionumea.se\/#organization"},"potentialAction":[{"@type":"SearchAction","target":{"@type":"EntryPoint","urlTemplate":"https:\/\/expressionumea.se\/?s={search_term_string}"},"query-input":{"@type":"PropertyValueSpecification","valueRequired":true,"valueName":"search_term_string"}}],"inLanguage":"en-GB"},{"@type":"Organization","@id":"https:\/\/expressionumea.se\/#organization","name":"eXpression Ume\u00e5","url":"https:\/\/expressionumea.se\/","logo":{"@type":"ImageObject","inLanguage":"en-GB","@id":"https:\/\/expressionumea.se\/#\/schema\/logo\/image\/","url":"https:\/\/expressionumea.se\/wp-content\/uploads\/2020\/06\/expression-ume-logotyp.png","contentUrl":"https:\/\/expressionumea.se\/wp-content\/uploads\/2020\/06\/expression-ume-logotyp.png","width":375,"height":98,"caption":"eXpression Ume\u00e5"},"image":{"@id":"https:\/\/expressionumea.se\/#\/schema\/logo\/image\/"}},{"@type":"Person","@id":"https:\/\/expressionumea.se\/#\/schema\/person\/f215c002f05a579f8f2e2fd74038215c","name":"Emil H\u00e4gglund","image":{"@type":"ImageObject","inLanguage":"en-GB","@id":"https:\/\/secure.gravatar.com\/avatar\/eb6d13e9356b6e176ecf79bc75d391596faef394c3bae44b2c54063cbd221aef?s=96&d=mm&r=g","url":"https:\/\/secure.gravatar.com\/avatar\/eb6d13e9356b6e176ecf79bc75d391596faef394c3bae44b2c54063cbd221aef?s=96&d=mm&r=g","contentUrl":"https:\/\/secure.gravatar.com\/avatar\/eb6d13e9356b6e176ecf79bc75d391596faef394c3bae44b2c54063cbd221aef?s=96&d=mm&r=g","caption":"Emil H\u00e4gglund"},"url":"https:\/\/expressionumea.se\/en\/author\/emil\/"}]}},"_links":{"self":[{"href":"https:\/\/expressionumea.se\/en\/wp-json\/wp\/v2\/posts\/25441","targetHints":{"allow":["GET"]}}],"collection":[{"href":"https:\/\/expressionumea.se\/en\/wp-json\/wp\/v2\/posts"}],"about":[{"href":"https:\/\/expressionumea.se\/en\/wp-json\/wp\/v2\/types\/post"}],"author":[{"embeddable":true,"href":"https:\/\/expressionumea.se\/en\/wp-json\/wp\/v2\/users\/6"}],"replies":[{"embeddable":true,"href":"https:\/\/expressionumea.se\/en\/wp-json\/wp\/v2\/comments?post=25441"}],"version-history":[{"count":4,"href":"https:\/\/expressionumea.se\/en\/wp-json\/wp\/v2\/posts\/25441\/revisions"}],"predecessor-version":[{"id":25447,"href":"https:\/\/expressionumea.se\/en\/wp-json\/wp\/v2\/posts\/25441\/revisions\/25447"}],"wp:featuredmedia":[{"embeddable":true,"href":"https:\/\/expressionumea.se\/en\/wp-json\/wp\/v2\/media\/25445"}],"wp:attachment":[{"href":"https:\/\/expressionumea.se\/en\/wp-json\/wp\/v2\/media?parent=25441"}],"wp:term":[{"taxonomy":"category","embeddable":true,"href":"https:\/\/expressionumea.se\/en\/wp-json\/wp\/v2\/categories?post=25441"},{"taxonomy":"post_tag","embeddable":true,"href":"https:\/\/expressionumea.se\/en\/wp-json\/wp\/v2\/tags?post=25441"},{"taxonomy":"eu-finansiering","embeddable":true,"href":"https:\/\/expressionumea.se\/en\/wp-json\/wp\/v2\/eu-finansiering?post=25441"},{"taxonomy":"artikeltyp","embeddable":true,"href":"https:\/\/expressionumea.se\/en\/wp-json\/wp\/v2\/artikeltyp?post=25441"}],"curies":[{"name":"wp","href":"https:\/\/api.w.org\/{rel}","templated":true}]}}