{"id":25525,"date":"2024-09-23T11:57:54","date_gmt":"2024-09-23T09:57:54","guid":{"rendered":"https:\/\/expressionumea.se\/?p=25525"},"modified":"2024-09-24T09:08:21","modified_gmt":"2024-09-24T07:08:21","slug":"kasimir-awarded-create-talent-in-vasterbotten","status":"publish","type":"post","link":"https:\/\/expressionumea.se\/en\/kasimir-tilldelas-skapa-talang-i-vasterbotten\/","title":{"rendered":"Kasimir awarded SKAPA talent in V\u00e4sterbotten"},"content":{"rendered":"<p><strong>Kasimir Suter Winter has been named the V\u00e4sterbotten winner of SKAPA Talang. His innovative solution, DIT Egnahem, focuses on sustainable construction and social benefits. The idea will now be developed together with Karina Suter Winter, as part of their joint company Parti Design.<\/strong><\/p>\n\n\n\n<p>Through the project <strong>YOUR own home<\/strong> Parti Design offers a self-build kit, based on the open source solution WikiHouse. With a strong focus on sustainable materials, energy efficiency and reduced transport, Parti Design wants to enable more people to build their own affordable homes.<\/p>\n\n\n\n<p>The jury emphasises that the solution not only introduces sustainable innovation in the construction industry, but also creates societal benefits by promoting building conservation and increasing property owner engagement. They see great potential in Kasimir's work, highlighting in particular how the project can contribute to solutions for both the housing and climate crises.<\/p>\n\n\n\n<p>With the win at the regional level, Kasimir now moves on to the national final of SKAPA Talang, where he has the chance to win another SEK 150,000.<\/p>\n\n\n\n<p>We wish Kasimir the best of luck in the national final!<\/p>\n\n\n\n<p><a href=\"https:\/\/www.ditegnahem.se\/\">Read more about the idea and the YOUR HOME project here.<\/a><\/p>\n\n\n\n<p>Image: Almi Nord<\/p>\n\n\n\n<p><\/p>","protected":false},"excerpt":{"rendered":"<p>Kasimir Suter Winter har utsetts till V\u00e4sterbottens vinnare av SKAPA Talang. Hans innovativa l\u00f6sning, DIT Egnahem, s\u00e4tter fokus p\u00e5 h\u00e5llbart byggande och samh\u00e4llsnytta. Id\u00e9n kommer nu utvecklas tillsammans med Karina Suter Winter, som en del av deras gemensamma f\u00f6retag Parti Design. Genom projektet DIT Egnahem erbjuder Parti Design en byggsats f\u00f6r sj\u00e4lvbygge, baserad p\u00e5 den [&hellip;]<\/p>\n","protected":false},"author":6,"featured_media":25526,"comment_status":"closed","ping_status":"open","sticky":false,"template":"","format":"standard","meta":{"footnotes":""},"categories":[1],"tags":[],"eu-finansiering":[],"artikeltyp":[],"class_list":["post-25525","post","type-post","status-publish","format-standard","has-post-thumbnail","hentry","category-uncategorized","search-category-artikel"],"yoast_head":"<!-- This site is optimized with the Yoast SEO plugin v27.2 - https:\/\/yoast.com\/product\/yoast-seo-wordpress\/ -->\n<title>Kasimir tilldelas SKAPA talang i V\u00e4sterbotten - eXpression Ume\u00e5<\/title>\n<meta name=\"robots\" content=\"index, follow, max-snippet:-1, max-image-preview:large, max-video-preview:-1\" \/>\n<link rel=\"canonical\" href=\"https:\/\/expressionumea.se\/en\/kasimir-awarded-create-talent-in-vasterbotten\/\" \/>\n<meta property=\"og:locale\" content=\"en_GB\" \/>\n<meta property=\"og:type\" content=\"article\" \/>\n<meta property=\"og:title\" content=\"Kasimir tilldelas SKAPA talang i V\u00e4sterbotten - eXpression Ume\u00e5\" \/>\n<meta property=\"og:description\" content=\"Kasimir Suter Winter har utsetts till V\u00e4sterbottens vinnare av SKAPA Talang. Hans innovativa l\u00f6sning, DIT Egnahem, s\u00e4tter fokus p\u00e5 h\u00e5llbart byggande och samh\u00e4llsnytta. Id\u00e9n kommer nu utvecklas tillsammans med Karina Suter Winter, som en del av deras gemensamma f\u00f6retag Parti Design. Genom projektet DIT Egnahem erbjuder Parti Design en byggsats f\u00f6r sj\u00e4lvbygge, baserad p\u00e5 den [&hellip;]\" \/>\n<meta property=\"og:url\" content=\"https:\/\/expressionumea.se\/en\/kasimir-awarded-create-talent-in-vasterbotten\/\" \/>\n<meta property=\"og:site_name\" content=\"eXpression Ume\u00e5\" \/>\n<meta property=\"article:published_time\" content=\"2024-09-23T09:57:54+00:00\" \/>\n<meta property=\"article:modified_time\" content=\"2024-09-24T07:08:21+00:00\" \/>\n<meta property=\"og:image\" content=\"https:\/\/expressionumea.se\/wp-content\/uploads\/2024\/09\/Skarmavbild-2024-09-23-kl.-11.55.05.png\" \/>\n\t<meta property=\"og:image:width\" content=\"2992\" \/>\n\t<meta property=\"og:image:height\" content=\"1532\" \/>\n\t<meta property=\"og:image:type\" content=\"image\/png\" \/>\n<meta name=\"author\" content=\"Emil H\u00e4gglund\" \/>\n<meta name=\"twitter:card\" content=\"summary_large_image\" \/>\n<meta name=\"twitter:label1\" content=\"Written by\" \/>\n\t<meta name=\"twitter:data1\" content=\"Emil H\u00e4gglund\" \/>\n\t<meta name=\"twitter:label2\" content=\"Estimated reading time\" \/>\n\t<meta name=\"twitter:data2\" content=\"2 minutes\" \/>\n<script type=\"application\/ld+json\" class=\"yoast-schema-graph\">{\"@context\":\"https:\/\/schema.org\",\"@graph\":[{\"@type\":\"Article\",\"@id\":\"https:\/\/expressionumea.se\/kasimir-tilldelas-skapa-talang-i-vasterbotten\/#article\",\"isPartOf\":{\"@id\":\"https:\/\/expressionumea.se\/kasimir-tilldelas-skapa-talang-i-vasterbotten\/\"},\"author\":{\"name\":\"Emil H\u00e4gglund\",\"@id\":\"https:\/\/expressionumea.se\/#\/schema\/person\/f215c002f05a579f8f2e2fd74038215c\"},\"headline\":\"Kasimir tilldelas SKAPA talang i V\u00e4sterbotten\",\"datePublished\":\"2024-09-23T09:57:54+00:00\",\"dateModified\":\"2024-09-24T07:08:21+00:00\",\"mainEntityOfPage\":{\"@id\":\"https:\/\/expressionumea.se\/kasimir-tilldelas-skapa-talang-i-vasterbotten\/\"},\"wordCount\":216,\"publisher\":{\"@id\":\"https:\/\/expressionumea.se\/#organization\"},\"image\":{\"@id\":\"https:\/\/expressionumea.se\/kasimir-tilldelas-skapa-talang-i-vasterbotten\/#primaryimage\"},\"thumbnailUrl\":\"https:\/\/expressionumea.se\/wp-content\/uploads\/2024\/09\/Skarmavbild-2024-09-23-kl.-11.55.05.png\",\"articleSection\":[\"Uncategorized\"],\"inLanguage\":\"en-GB\"},{\"@type\":\"WebPage\",\"@id\":\"https:\/\/expressionumea.se\/kasimir-tilldelas-skapa-talang-i-vasterbotten\/\",\"url\":\"https:\/\/expressionumea.se\/kasimir-tilldelas-skapa-talang-i-vasterbotten\/\",\"name\":\"Kasimir tilldelas SKAPA talang i V\u00e4sterbotten - eXpression Ume\u00e5\",\"isPartOf\":{\"@id\":\"https:\/\/expressionumea.se\/#website\"},\"primaryImageOfPage\":{\"@id\":\"https:\/\/expressionumea.se\/kasimir-tilldelas-skapa-talang-i-vasterbotten\/#primaryimage\"},\"image\":{\"@id\":\"https:\/\/expressionumea.se\/kasimir-tilldelas-skapa-talang-i-vasterbotten\/#primaryimage\"},\"thumbnailUrl\":\"https:\/\/expressionumea.se\/wp-content\/uploads\/2024\/09\/Skarmavbild-2024-09-23-kl.-11.55.05.png\",\"datePublished\":\"2024-09-23T09:57:54+00:00\",\"dateModified\":\"2024-09-24T07:08:21+00:00\",\"breadcrumb\":{\"@id\":\"https:\/\/expressionumea.se\/kasimir-tilldelas-skapa-talang-i-vasterbotten\/#breadcrumb\"},\"inLanguage\":\"en-GB\",\"potentialAction\":[{\"@type\":\"ReadAction\",\"target\":[\"https:\/\/expressionumea.se\/kasimir-tilldelas-skapa-talang-i-vasterbotten\/\"]}]},{\"@type\":\"ImageObject\",\"inLanguage\":\"en-GB\",\"@id\":\"https:\/\/expressionumea.se\/kasimir-tilldelas-skapa-talang-i-vasterbotten\/#primaryimage\",\"url\":\"https:\/\/expressionumea.se\/wp-content\/uploads\/2024\/09\/Skarmavbild-2024-09-23-kl.-11.55.05.png\",\"contentUrl\":\"https:\/\/expressionumea.se\/wp-content\/uploads\/2024\/09\/Skarmavbild-2024-09-23-kl.-11.55.05.png\",\"width\":2992,\"height\":1532},{\"@type\":\"BreadcrumbList\",\"@id\":\"https:\/\/expressionumea.se\/kasimir-tilldelas-skapa-talang-i-vasterbotten\/#breadcrumb\",\"itemListElement\":[{\"@type\":\"ListItem\",\"position\":1,\"name\":\"Hem\",\"item\":\"https:\/\/expressionumea.se\/\"},{\"@type\":\"ListItem\",\"position\":2,\"name\":\"Kasimir tilldelas SKAPA talang i V\u00e4sterbotten\"}]},{\"@type\":\"WebSite\",\"@id\":\"https:\/\/expressionumea.se\/#website\",\"url\":\"https:\/\/expressionumea.se\/\",\"name\":\"eXpression Ume\u00e5\",\"description\":\"Creative minds unite\",\"publisher\":{\"@id\":\"https:\/\/expressionumea.se\/#organization\"},\"potentialAction\":[{\"@type\":\"SearchAction\",\"target\":{\"@type\":\"EntryPoint\",\"urlTemplate\":\"https:\/\/expressionumea.se\/?s={search_term_string}\"},\"query-input\":{\"@type\":\"PropertyValueSpecification\",\"valueRequired\":true,\"valueName\":\"search_term_string\"}}],\"inLanguage\":\"en-GB\"},{\"@type\":\"Organization\",\"@id\":\"https:\/\/expressionumea.se\/#organization\",\"name\":\"eXpression Ume\u00e5\",\"url\":\"https:\/\/expressionumea.se\/\",\"logo\":{\"@type\":\"ImageObject\",\"inLanguage\":\"en-GB\",\"@id\":\"https:\/\/expressionumea.se\/#\/schema\/logo\/image\/\",\"url\":\"https:\/\/expressionumea.se\/wp-content\/uploads\/2020\/06\/expression-ume-logotyp.png\",\"contentUrl\":\"https:\/\/expressionumea.se\/wp-content\/uploads\/2020\/06\/expression-ume-logotyp.png\",\"width\":375,\"height\":98,\"caption\":\"eXpression Ume\u00e5\"},\"image\":{\"@id\":\"https:\/\/expressionumea.se\/#\/schema\/logo\/image\/\"}},{\"@type\":\"Person\",\"@id\":\"https:\/\/expressionumea.se\/#\/schema\/person\/f215c002f05a579f8f2e2fd74038215c\",\"name\":\"Emil H\u00e4gglund\",\"image\":{\"@type\":\"ImageObject\",\"inLanguage\":\"en-GB\",\"@id\":\"https:\/\/secure.gravatar.com\/avatar\/eb6d13e9356b6e176ecf79bc75d391596faef394c3bae44b2c54063cbd221aef?s=96&d=mm&r=g\",\"url\":\"https:\/\/secure.gravatar.com\/avatar\/eb6d13e9356b6e176ecf79bc75d391596faef394c3bae44b2c54063cbd221aef?s=96&d=mm&r=g\",\"contentUrl\":\"https:\/\/secure.gravatar.com\/avatar\/eb6d13e9356b6e176ecf79bc75d391596faef394c3bae44b2c54063cbd221aef?s=96&d=mm&r=g\",\"caption\":\"Emil H\u00e4gglund\"},\"url\":\"https:\/\/expressionumea.se\/en\/author\/emil\/\"}]}<\/script>\n<!-- \/ Yoast SEO plugin. -->","yoast_head_json":{"title":"Kasimir awarded SKAPA talent in V\u00e4sterbotten - eXpression Ume\u00e5","robots":{"index":"index","follow":"follow","max-snippet":"max-snippet:-1","max-image-preview":"max-image-preview:large","max-video-preview":"max-video-preview:-1"},"canonical":"https:\/\/expressionumea.se\/en\/kasimir-awarded-create-talent-in-vasterbotten\/","og_locale":"en_GB","og_type":"article","og_title":"Kasimir tilldelas SKAPA talang i V\u00e4sterbotten - eXpression Ume\u00e5","og_description":"Kasimir Suter Winter har utsetts till V\u00e4sterbottens vinnare av SKAPA Talang. Hans innovativa l\u00f6sning, DIT Egnahem, s\u00e4tter fokus p\u00e5 h\u00e5llbart byggande och samh\u00e4llsnytta. Id\u00e9n kommer nu utvecklas tillsammans med Karina Suter Winter, som en del av deras gemensamma f\u00f6retag Parti Design. Genom projektet DIT Egnahem erbjuder Parti Design en byggsats f\u00f6r sj\u00e4lvbygge, baserad p\u00e5 den [&hellip;]","og_url":"https:\/\/expressionumea.se\/en\/kasimir-awarded-create-talent-in-vasterbotten\/","og_site_name":"eXpression Ume\u00e5","article_published_time":"2024-09-23T09:57:54+00:00","article_modified_time":"2024-09-24T07:08:21+00:00","og_image":[{"width":2992,"height":1532,"url":"https:\/\/expressionumea.se\/wp-content\/uploads\/2024\/09\/Skarmavbild-2024-09-23-kl.-11.55.05.png","type":"image\/png"}],"author":"Emil H\u00e4gglund","twitter_card":"summary_large_image","twitter_misc":{"Written by":"Emil H\u00e4gglund","Estimated reading time":"2 minutes"},"schema":{"@context":"https:\/\/schema.org","@graph":[{"@type":"Article","@id":"https:\/\/expressionumea.se\/kasimir-tilldelas-skapa-talang-i-vasterbotten\/#article","isPartOf":{"@id":"https:\/\/expressionumea.se\/kasimir-tilldelas-skapa-talang-i-vasterbotten\/"},"author":{"name":"Emil H\u00e4gglund","@id":"https:\/\/expressionumea.se\/#\/schema\/person\/f215c002f05a579f8f2e2fd74038215c"},"headline":"Kasimir tilldelas SKAPA talang i V\u00e4sterbotten","datePublished":"2024-09-23T09:57:54+00:00","dateModified":"2024-09-24T07:08:21+00:00","mainEntityOfPage":{"@id":"https:\/\/expressionumea.se\/kasimir-tilldelas-skapa-talang-i-vasterbotten\/"},"wordCount":216,"publisher":{"@id":"https:\/\/expressionumea.se\/#organization"},"image":{"@id":"https:\/\/expressionumea.se\/kasimir-tilldelas-skapa-talang-i-vasterbotten\/#primaryimage"},"thumbnailUrl":"https:\/\/expressionumea.se\/wp-content\/uploads\/2024\/09\/Skarmavbild-2024-09-23-kl.-11.55.05.png","articleSection":["Uncategorized"],"inLanguage":"en-GB"},{"@type":"WebPage","@id":"https:\/\/expressionumea.se\/kasimir-tilldelas-skapa-talang-i-vasterbotten\/","url":"https:\/\/expressionumea.se\/kasimir-tilldelas-skapa-talang-i-vasterbotten\/","name":"Kasimir awarded SKAPA talent in V\u00e4sterbotten - eXpression Ume\u00e5","isPartOf":{"@id":"https:\/\/expressionumea.se\/#website"},"primaryImageOfPage":{"@id":"https:\/\/expressionumea.se\/kasimir-tilldelas-skapa-talang-i-vasterbotten\/#primaryimage"},"image":{"@id":"https:\/\/expressionumea.se\/kasimir-tilldelas-skapa-talang-i-vasterbotten\/#primaryimage"},"thumbnailUrl":"https:\/\/expressionumea.se\/wp-content\/uploads\/2024\/09\/Skarmavbild-2024-09-23-kl.-11.55.05.png","datePublished":"2024-09-23T09:57:54+00:00","dateModified":"2024-09-24T07:08:21+00:00","breadcrumb":{"@id":"https:\/\/expressionumea.se\/kasimir-tilldelas-skapa-talang-i-vasterbotten\/#breadcrumb"},"inLanguage":"en-GB","potentialAction":[{"@type":"ReadAction","target":["https:\/\/expressionumea.se\/kasimir-tilldelas-skapa-talang-i-vasterbotten\/"]}]},{"@type":"ImageObject","inLanguage":"en-GB","@id":"https:\/\/expressionumea.se\/kasimir-tilldelas-skapa-talang-i-vasterbotten\/#primaryimage","url":"https:\/\/expressionumea.se\/wp-content\/uploads\/2024\/09\/Skarmavbild-2024-09-23-kl.-11.55.05.png","contentUrl":"https:\/\/expressionumea.se\/wp-content\/uploads\/2024\/09\/Skarmavbild-2024-09-23-kl.-11.55.05.png","width":2992,"height":1532},{"@type":"BreadcrumbList","@id":"https:\/\/expressionumea.se\/kasimir-tilldelas-skapa-talang-i-vasterbotten\/#breadcrumb","itemListElement":[{"@type":"ListItem","position":1,"name":"Hem","item":"https:\/\/expressionumea.se\/"},{"@type":"ListItem","position":2,"name":"Kasimir tilldelas SKAPA talang i V\u00e4sterbotten"}]},{"@type":"WebSite","@id":"https:\/\/expressionumea.se\/#website","url":"https:\/\/expressionumea.se\/","name":"eXpression Ume\u00e5","description":"Creative minds unite","publisher":{"@id":"https:\/\/expressionumea.se\/#organization"},"potentialAction":[{"@type":"SearchAction","target":{"@type":"EntryPoint","urlTemplate":"https:\/\/expressionumea.se\/?s={search_term_string}"},"query-input":{"@type":"PropertyValueSpecification","valueRequired":true,"valueName":"search_term_string"}}],"inLanguage":"en-GB"},{"@type":"Organization","@id":"https:\/\/expressionumea.se\/#organization","name":"eXpression Ume\u00e5","url":"https:\/\/expressionumea.se\/","logo":{"@type":"ImageObject","inLanguage":"en-GB","@id":"https:\/\/expressionumea.se\/#\/schema\/logo\/image\/","url":"https:\/\/expressionumea.se\/wp-content\/uploads\/2020\/06\/expression-ume-logotyp.png","contentUrl":"https:\/\/expressionumea.se\/wp-content\/uploads\/2020\/06\/expression-ume-logotyp.png","width":375,"height":98,"caption":"eXpression Ume\u00e5"},"image":{"@id":"https:\/\/expressionumea.se\/#\/schema\/logo\/image\/"}},{"@type":"Person","@id":"https:\/\/expressionumea.se\/#\/schema\/person\/f215c002f05a579f8f2e2fd74038215c","name":"Emil H\u00e4gglund","image":{"@type":"ImageObject","inLanguage":"en-GB","@id":"https:\/\/secure.gravatar.com\/avatar\/eb6d13e9356b6e176ecf79bc75d391596faef394c3bae44b2c54063cbd221aef?s=96&d=mm&r=g","url":"https:\/\/secure.gravatar.com\/avatar\/eb6d13e9356b6e176ecf79bc75d391596faef394c3bae44b2c54063cbd221aef?s=96&d=mm&r=g","contentUrl":"https:\/\/secure.gravatar.com\/avatar\/eb6d13e9356b6e176ecf79bc75d391596faef394c3bae44b2c54063cbd221aef?s=96&d=mm&r=g","caption":"Emil H\u00e4gglund"},"url":"https:\/\/expressionumea.se\/en\/author\/emil\/"}]}},"_links":{"self":[{"href":"https:\/\/expressionumea.se\/en\/wp-json\/wp\/v2\/posts\/25525","targetHints":{"allow":["GET"]}}],"collection":[{"href":"https:\/\/expressionumea.se\/en\/wp-json\/wp\/v2\/posts"}],"about":[{"href":"https:\/\/expressionumea.se\/en\/wp-json\/wp\/v2\/types\/post"}],"author":[{"embeddable":true,"href":"https:\/\/expressionumea.se\/en\/wp-json\/wp\/v2\/users\/6"}],"replies":[{"embeddable":true,"href":"https:\/\/expressionumea.se\/en\/wp-json\/wp\/v2\/comments?post=25525"}],"version-history":[{"count":5,"href":"https:\/\/expressionumea.se\/en\/wp-json\/wp\/v2\/posts\/25525\/revisions"}],"predecessor-version":[{"id":25533,"href":"https:\/\/expressionumea.se\/en\/wp-json\/wp\/v2\/posts\/25525\/revisions\/25533"}],"wp:featuredmedia":[{"embeddable":true,"href":"https:\/\/expressionumea.se\/en\/wp-json\/wp\/v2\/media\/25526"}],"wp:attachment":[{"href":"https:\/\/expressionumea.se\/en\/wp-json\/wp\/v2\/media?parent=25525"}],"wp:term":[{"taxonomy":"category","embeddable":true,"href":"https:\/\/expressionumea.se\/en\/wp-json\/wp\/v2\/categories?post=25525"},{"taxonomy":"post_tag","embeddable":true,"href":"https:\/\/expressionumea.se\/en\/wp-json\/wp\/v2\/tags?post=25525"},{"taxonomy":"eu-finansiering","embeddable":true,"href":"https:\/\/expressionumea.se\/en\/wp-json\/wp\/v2\/eu-finansiering?post=25525"},{"taxonomy":"artikeltyp","embeddable":true,"href":"https:\/\/expressionumea.se\/en\/wp-json\/wp\/v2\/artikeltyp?post=25525"}],"curies":[{"name":"wp","href":"https:\/\/api.w.org\/{rel}","templated":true}]}}