{"id":26093,"date":"2025-03-03T11:41:36","date_gmt":"2025-03-03T10:41:36","guid":{"rendered":"https:\/\/expressionumea.se\/?p=26093"},"modified":"2025-04-04T09:26:17","modified_gmt":"2025-04-04T07:26:17","slug":"they-explore-design-for-the-end-of-life-and-the-neck","status":"publish","type":"post","link":"https:\/\/expressionumea.se\/en\/de-utforskar-design-for-valmaende-och-halsa\/","title":{"rendered":"Exploring design for wellbeing and health"},"content":{"rendered":"<p><em>On 20 February, participants in the new business development programme gathered for an inspiring kickoff at Scharinska Villan, Ume\u00e5. The programme, organised by eXpression Ume\u00e5 and RISE, gives companies in the cultural and creative industries the opportunity to strengthen their business models through a series of workshops, lectures and expert support.<\/em><\/p>\n\n\n\n<blockquote class=\"wp-block-quote is-layout-flow wp-block-quote-is-layout-flow\">\n<p>It will be very exciting to test how crafts and cultural crafts can contribute to sustainable urban development and to develop the crafts sector together with other industries. Local, sustainable, resilience, creativity and circularity are values that come with craftsmanship, but how do we link it to the transition to sustainable societies? Says <strong>Felix Wink<\/strong>, Hemsl\u00f6jdskonsulent, V\u00e4sterbottens l\u00e4ns hemsl\u00f6jdsf\u00f6rening.<\/p>\n<\/blockquote>\n\n\n\n<p>During the programme, participants will be supported in developing their business ideas and strengthening their businesses through coaching, lectures and practical workshops. The focus is on learning how to create inspiring environments and experiences that foster creativity and well-being.<\/p>\n\n\n\n<blockquote class=\"wp-block-quote is-layout-flow wp-block-quote-is-layout-flow\">\n<p>This is an incredible team that we have the privilege to follow and support in the programme. The focus is on giving them new knowledge about how to create environments that promote health, creativity and inclusion. The goal is, of course, that they take these insights and put them into practice in their organisations - and thus contribute to positive social development,\" says <strong>Fanny Lind\u00e9n<\/strong>, business coach at eXpression Ume\u00e5.<\/p>\n<\/blockquote>\n\n\n\n<p>Themes such as planning for happiness and well-being, building with and for nature, and designing for all the senses will be explored throughout the programme. Through this, participants will gain both new knowledge and practical experience to strengthen their entrepreneurship.<\/p>\n\n\n\n<p><\/p>\n\n\n\n<h2 class=\"wp-block-heading\">The companies adopted:<\/h2>\n\n\n\n<p><strong>Emma Bergman<\/strong> - Boundary<br><strong>Caroline L\u00e5ngstr\u00f6m<\/strong> - Tyr\u00e9ns AB<br><strong>Benjamin Sientzoff<\/strong> - Escarpin Productions<br><strong>Emelie Berglund<\/strong> - Studio Vejle<br><strong>Emelie Aktanius<\/strong> - Elak Ett litet arkitektkontor AB<br><strong>Mr Adam Davies<\/strong> - T\u0177 Syml<br><strong>Catherine Berglund<\/strong> - HUG\u00c5s Veranda AB<br><strong>Karina Suter Winter<\/strong> - Party Design<br><strong>Frida Nyg\u00e5rd<\/strong> - Rumskoncept Ume\u00e5 AB<br><strong>Matilda Sabel<\/strong> - BF Tr\u00e4dg\u00e5rdsmilj\u00f6 AB<br><strong>Jonas Br\u00e4ndstr\u00f6m<\/strong> <br><strong>Felix Wink<\/strong> - V\u00e4sterbotten County Handicrafts Association<br><strong>Kasimir Suter Winter<\/strong> - Ume\u00e5 Together<br><strong>Romana Crgol<\/strong> - Culture Hub<\/p>\n\n\n\n<p>The programme is organised by eXpression Ume\u00e5 and RISE within the framework of the project Kreativa Norrland, a joint initiative to strengthen companies in the cultural and creative industries. The programme is funded by the European Union, Ume\u00e5 Municipality, Region V\u00e4sterbotten and Balticgruppen AB.<\/p>\n\n\n\n<p><\/p>","protected":false},"excerpt":{"rendered":"<p>On 20 February, participants in the new business development programme gathered for an inspiring kickoff at Scharinska Villan, Ume\u00e5. The programme, organised by eXpression Ume\u00e5 and RISE, gives companies in the cultural and creative industries the opportunity to strengthen their business models through a series of workshops, lectures and expert support.<\/p>","protected":false},"author":3,"featured_media":26098,"comment_status":"closed","ping_status":"open","sticky":false,"template":"","format":"standard","meta":{"footnotes":""},"categories":[1],"tags":[],"eu-finansiering":[933],"artikeltyp":[628],"class_list":["post-26093","post","type-post","status-publish","format-standard","has-post-thumbnail","hentry","category-uncategorized","eu-finansiering-ja","search-category-artikel","artikeltyp-nyheter"],"yoast_head":"<!-- This site is optimized with the Yoast SEO plugin v27.2 - https:\/\/yoast.com\/product\/yoast-seo-wordpress\/ -->\n<title>De utforskar design f\u00f6r v\u00e4lm\u00e5ende och h\u00e4lsa - eXpression Ume\u00e5<\/title>\n<meta name=\"robots\" content=\"index, follow, max-snippet:-1, max-image-preview:large, max-video-preview:-1\" \/>\n<link rel=\"canonical\" href=\"https:\/\/expressionumea.se\/en\/they-explore-design-for-the-end-of-life-and-the-neck\/\" \/>\n<meta property=\"og:locale\" content=\"en_GB\" \/>\n<meta property=\"og:type\" content=\"article\" \/>\n<meta property=\"og:title\" content=\"De utforskar design f\u00f6r v\u00e4lm\u00e5ende och h\u00e4lsa - eXpression Ume\u00e5\" \/>\n<meta property=\"og:description\" content=\"Den 20 februari samlades deltagarna i det nya aff\u00e4rsutvecklingsprogrammet f\u00f6r en inspirerande kickoff i Scharinska Villan, Ume\u00e5. Programmet, som arrangeras av eXpression Ume\u00e5 och RISE, ger f\u00f6retag inom de kulturella och kreativa branscherna m\u00f6jlighet att st\u00e4rka sina aff\u00e4rsmodeller genom en serie workshops, f\u00f6rel\u00e4sningar och expertst\u00f6d.\" \/>\n<meta property=\"og:url\" content=\"https:\/\/expressionumea.se\/en\/they-explore-design-for-the-end-of-life-and-the-neck\/\" \/>\n<meta property=\"og:site_name\" content=\"eXpression Ume\u00e5\" \/>\n<meta property=\"article:published_time\" content=\"2025-03-03T10:41:36+00:00\" \/>\n<meta property=\"article:modified_time\" content=\"2025-04-04T07:26:17+00:00\" \/>\n<meta property=\"og:image\" content=\"https:\/\/expressionumea.se\/wp-content\/uploads\/2025\/02\/De-utforskar-design-for-valmaende-och-halsa-1.jpg\" \/>\n\t<meta property=\"og:image:width\" content=\"1920\" \/>\n\t<meta property=\"og:image:height\" content=\"1080\" \/>\n\t<meta property=\"og:image:type\" content=\"image\/jpeg\" \/>\n<meta name=\"author\" content=\"Amanda Westin\" \/>\n<meta name=\"twitter:card\" content=\"summary_large_image\" \/>\n<meta name=\"twitter:label1\" content=\"Written by\" \/>\n\t<meta name=\"twitter:data1\" content=\"Amanda Westin\" \/>\n\t<meta name=\"twitter:label2\" content=\"Estimated reading time\" \/>\n\t<meta name=\"twitter:data2\" content=\"2 minutes\" \/>\n<script type=\"application\/ld+json\" class=\"yoast-schema-graph\">{\"@context\":\"https:\/\/schema.org\",\"@graph\":[{\"@type\":\"Article\",\"@id\":\"https:\/\/expressionumea.se\/de-utforskar-design-for-valmaende-och-halsa\/#article\",\"isPartOf\":{\"@id\":\"https:\/\/expressionumea.se\/de-utforskar-design-for-valmaende-och-halsa\/\"},\"author\":{\"name\":\"Amanda Westin\",\"@id\":\"https:\/\/expressionumea.se\/#\/schema\/person\/447f387dc1a31eefe29aad36b6535a5e\"},\"headline\":\"De utforskar design f\u00f6r v\u00e4lm\u00e5ende och h\u00e4lsa\",\"datePublished\":\"2025-03-03T10:41:36+00:00\",\"dateModified\":\"2025-04-04T07:26:17+00:00\",\"mainEntityOfPage\":{\"@id\":\"https:\/\/expressionumea.se\/de-utforskar-design-for-valmaende-och-halsa\/\"},\"wordCount\":455,\"publisher\":{\"@id\":\"https:\/\/expressionumea.se\/#organization\"},\"image\":{\"@id\":\"https:\/\/expressionumea.se\/de-utforskar-design-for-valmaende-och-halsa\/#primaryimage\"},\"thumbnailUrl\":\"https:\/\/expressionumea.se\/wp-content\/uploads\/2025\/02\/De-utforskar-design-for-valmaende-och-halsa-1.jpg\",\"articleSection\":[\"Uncategorized\"],\"inLanguage\":\"en-GB\"},{\"@type\":\"WebPage\",\"@id\":\"https:\/\/expressionumea.se\/de-utforskar-design-for-valmaende-och-halsa\/\",\"url\":\"https:\/\/expressionumea.se\/de-utforskar-design-for-valmaende-och-halsa\/\",\"name\":\"De utforskar design f\u00f6r v\u00e4lm\u00e5ende och h\u00e4lsa - eXpression Ume\u00e5\",\"isPartOf\":{\"@id\":\"https:\/\/expressionumea.se\/#website\"},\"primaryImageOfPage\":{\"@id\":\"https:\/\/expressionumea.se\/de-utforskar-design-for-valmaende-och-halsa\/#primaryimage\"},\"image\":{\"@id\":\"https:\/\/expressionumea.se\/de-utforskar-design-for-valmaende-och-halsa\/#primaryimage\"},\"thumbnailUrl\":\"https:\/\/expressionumea.se\/wp-content\/uploads\/2025\/02\/De-utforskar-design-for-valmaende-och-halsa-1.jpg\",\"datePublished\":\"2025-03-03T10:41:36+00:00\",\"dateModified\":\"2025-04-04T07:26:17+00:00\",\"breadcrumb\":{\"@id\":\"https:\/\/expressionumea.se\/de-utforskar-design-for-valmaende-och-halsa\/#breadcrumb\"},\"inLanguage\":\"en-GB\",\"potentialAction\":[{\"@type\":\"ReadAction\",\"target\":[\"https:\/\/expressionumea.se\/de-utforskar-design-for-valmaende-och-halsa\/\"]}]},{\"@type\":\"ImageObject\",\"inLanguage\":\"en-GB\",\"@id\":\"https:\/\/expressionumea.se\/de-utforskar-design-for-valmaende-och-halsa\/#primaryimage\",\"url\":\"https:\/\/expressionumea.se\/wp-content\/uploads\/2025\/02\/De-utforskar-design-for-valmaende-och-halsa-1.jpg\",\"contentUrl\":\"https:\/\/expressionumea.se\/wp-content\/uploads\/2025\/02\/De-utforskar-design-for-valmaende-och-halsa-1.jpg\",\"width\":1920,\"height\":1080,\"caption\":\"De utforskar design f\u00f6r v\u00e4lm\u00e5ende och h\u00e4lsa\"},{\"@type\":\"BreadcrumbList\",\"@id\":\"https:\/\/expressionumea.se\/de-utforskar-design-for-valmaende-och-halsa\/#breadcrumb\",\"itemListElement\":[{\"@type\":\"ListItem\",\"position\":1,\"name\":\"Hem\",\"item\":\"https:\/\/expressionumea.se\/\"},{\"@type\":\"ListItem\",\"position\":2,\"name\":\"De utforskar design f\u00f6r v\u00e4lm\u00e5ende och h\u00e4lsa\"}]},{\"@type\":\"WebSite\",\"@id\":\"https:\/\/expressionumea.se\/#website\",\"url\":\"https:\/\/expressionumea.se\/\",\"name\":\"eXpression Ume\u00e5\",\"description\":\"Creative minds unite\",\"publisher\":{\"@id\":\"https:\/\/expressionumea.se\/#organization\"},\"potentialAction\":[{\"@type\":\"SearchAction\",\"target\":{\"@type\":\"EntryPoint\",\"urlTemplate\":\"https:\/\/expressionumea.se\/?s={search_term_string}\"},\"query-input\":{\"@type\":\"PropertyValueSpecification\",\"valueRequired\":true,\"valueName\":\"search_term_string\"}}],\"inLanguage\":\"en-GB\"},{\"@type\":\"Organization\",\"@id\":\"https:\/\/expressionumea.se\/#organization\",\"name\":\"eXpression Ume\u00e5\",\"url\":\"https:\/\/expressionumea.se\/\",\"logo\":{\"@type\":\"ImageObject\",\"inLanguage\":\"en-GB\",\"@id\":\"https:\/\/expressionumea.se\/#\/schema\/logo\/image\/\",\"url\":\"https:\/\/expressionumea.se\/wp-content\/uploads\/2020\/06\/expression-ume-logotyp.png\",\"contentUrl\":\"https:\/\/expressionumea.se\/wp-content\/uploads\/2020\/06\/expression-ume-logotyp.png\",\"width\":375,\"height\":98,\"caption\":\"eXpression Ume\u00e5\"},\"image\":{\"@id\":\"https:\/\/expressionumea.se\/#\/schema\/logo\/image\/\"}},{\"@type\":\"Person\",\"@id\":\"https:\/\/expressionumea.se\/#\/schema\/person\/447f387dc1a31eefe29aad36b6535a5e\",\"name\":\"Amanda Westin\",\"image\":{\"@type\":\"ImageObject\",\"inLanguage\":\"en-GB\",\"@id\":\"https:\/\/secure.gravatar.com\/avatar\/37af2a7bf20d1aaaac0375ce58cb2263291586e86ef5592e05485e613e095908?s=96&d=mm&r=g\",\"url\":\"https:\/\/secure.gravatar.com\/avatar\/37af2a7bf20d1aaaac0375ce58cb2263291586e86ef5592e05485e613e095908?s=96&d=mm&r=g\",\"contentUrl\":\"https:\/\/secure.gravatar.com\/avatar\/37af2a7bf20d1aaaac0375ce58cb2263291586e86ef5592e05485e613e095908?s=96&d=mm&r=g\",\"caption\":\"Amanda Westin\"},\"url\":\"https:\/\/expressionumea.se\/en\/author\/amanda-westin\/\"}]}<\/script>\n<!-- \/ Yoast SEO plugin. -->","yoast_head_json":{"title":"Exploring design for wellbeing and health - eXpression Ume\u00e5","robots":{"index":"index","follow":"follow","max-snippet":"max-snippet:-1","max-image-preview":"max-image-preview:large","max-video-preview":"max-video-preview:-1"},"canonical":"https:\/\/expressionumea.se\/en\/they-explore-design-for-the-end-of-life-and-the-neck\/","og_locale":"en_GB","og_type":"article","og_title":"De utforskar design f\u00f6r v\u00e4lm\u00e5ende och h\u00e4lsa - eXpression Ume\u00e5","og_description":"Den 20 februari samlades deltagarna i det nya aff\u00e4rsutvecklingsprogrammet f\u00f6r en inspirerande kickoff i Scharinska Villan, Ume\u00e5. Programmet, som arrangeras av eXpression Ume\u00e5 och RISE, ger f\u00f6retag inom de kulturella och kreativa branscherna m\u00f6jlighet att st\u00e4rka sina aff\u00e4rsmodeller genom en serie workshops, f\u00f6rel\u00e4sningar och expertst\u00f6d.","og_url":"https:\/\/expressionumea.se\/en\/they-explore-design-for-the-end-of-life-and-the-neck\/","og_site_name":"eXpression Ume\u00e5","article_published_time":"2025-03-03T10:41:36+00:00","article_modified_time":"2025-04-04T07:26:17+00:00","og_image":[{"width":1920,"height":1080,"url":"https:\/\/expressionumea.se\/wp-content\/uploads\/2025\/02\/De-utforskar-design-for-valmaende-och-halsa-1.jpg","type":"image\/jpeg"}],"author":"Amanda Westin","twitter_card":"summary_large_image","twitter_misc":{"Written by":"Amanda Westin","Estimated reading time":"2 minutes"},"schema":{"@context":"https:\/\/schema.org","@graph":[{"@type":"Article","@id":"https:\/\/expressionumea.se\/de-utforskar-design-for-valmaende-och-halsa\/#article","isPartOf":{"@id":"https:\/\/expressionumea.se\/de-utforskar-design-for-valmaende-och-halsa\/"},"author":{"name":"Amanda Westin","@id":"https:\/\/expressionumea.se\/#\/schema\/person\/447f387dc1a31eefe29aad36b6535a5e"},"headline":"De utforskar design f\u00f6r v\u00e4lm\u00e5ende och h\u00e4lsa","datePublished":"2025-03-03T10:41:36+00:00","dateModified":"2025-04-04T07:26:17+00:00","mainEntityOfPage":{"@id":"https:\/\/expressionumea.se\/de-utforskar-design-for-valmaende-och-halsa\/"},"wordCount":455,"publisher":{"@id":"https:\/\/expressionumea.se\/#organization"},"image":{"@id":"https:\/\/expressionumea.se\/de-utforskar-design-for-valmaende-och-halsa\/#primaryimage"},"thumbnailUrl":"https:\/\/expressionumea.se\/wp-content\/uploads\/2025\/02\/De-utforskar-design-for-valmaende-och-halsa-1.jpg","articleSection":["Uncategorized"],"inLanguage":"en-GB"},{"@type":"WebPage","@id":"https:\/\/expressionumea.se\/de-utforskar-design-for-valmaende-och-halsa\/","url":"https:\/\/expressionumea.se\/de-utforskar-design-for-valmaende-och-halsa\/","name":"Exploring design for wellbeing and health - eXpression Ume\u00e5","isPartOf":{"@id":"https:\/\/expressionumea.se\/#website"},"primaryImageOfPage":{"@id":"https:\/\/expressionumea.se\/de-utforskar-design-for-valmaende-och-halsa\/#primaryimage"},"image":{"@id":"https:\/\/expressionumea.se\/de-utforskar-design-for-valmaende-och-halsa\/#primaryimage"},"thumbnailUrl":"https:\/\/expressionumea.se\/wp-content\/uploads\/2025\/02\/De-utforskar-design-for-valmaende-och-halsa-1.jpg","datePublished":"2025-03-03T10:41:36+00:00","dateModified":"2025-04-04T07:26:17+00:00","breadcrumb":{"@id":"https:\/\/expressionumea.se\/de-utforskar-design-for-valmaende-och-halsa\/#breadcrumb"},"inLanguage":"en-GB","potentialAction":[{"@type":"ReadAction","target":["https:\/\/expressionumea.se\/de-utforskar-design-for-valmaende-och-halsa\/"]}]},{"@type":"ImageObject","inLanguage":"en-GB","@id":"https:\/\/expressionumea.se\/de-utforskar-design-for-valmaende-och-halsa\/#primaryimage","url":"https:\/\/expressionumea.se\/wp-content\/uploads\/2025\/02\/De-utforskar-design-for-valmaende-och-halsa-1.jpg","contentUrl":"https:\/\/expressionumea.se\/wp-content\/uploads\/2025\/02\/De-utforskar-design-for-valmaende-och-halsa-1.jpg","width":1920,"height":1080,"caption":"De utforskar design f\u00f6r v\u00e4lm\u00e5ende och h\u00e4lsa"},{"@type":"BreadcrumbList","@id":"https:\/\/expressionumea.se\/de-utforskar-design-for-valmaende-och-halsa\/#breadcrumb","itemListElement":[{"@type":"ListItem","position":1,"name":"Hem","item":"https:\/\/expressionumea.se\/"},{"@type":"ListItem","position":2,"name":"De utforskar design f\u00f6r v\u00e4lm\u00e5ende och h\u00e4lsa"}]},{"@type":"WebSite","@id":"https:\/\/expressionumea.se\/#website","url":"https:\/\/expressionumea.se\/","name":"eXpression Ume\u00e5","description":"Creative minds unite","publisher":{"@id":"https:\/\/expressionumea.se\/#organization"},"potentialAction":[{"@type":"SearchAction","target":{"@type":"EntryPoint","urlTemplate":"https:\/\/expressionumea.se\/?s={search_term_string}"},"query-input":{"@type":"PropertyValueSpecification","valueRequired":true,"valueName":"search_term_string"}}],"inLanguage":"en-GB"},{"@type":"Organization","@id":"https:\/\/expressionumea.se\/#organization","name":"eXpression Ume\u00e5","url":"https:\/\/expressionumea.se\/","logo":{"@type":"ImageObject","inLanguage":"en-GB","@id":"https:\/\/expressionumea.se\/#\/schema\/logo\/image\/","url":"https:\/\/expressionumea.se\/wp-content\/uploads\/2020\/06\/expression-ume-logotyp.png","contentUrl":"https:\/\/expressionumea.se\/wp-content\/uploads\/2020\/06\/expression-ume-logotyp.png","width":375,"height":98,"caption":"eXpression Ume\u00e5"},"image":{"@id":"https:\/\/expressionumea.se\/#\/schema\/logo\/image\/"}},{"@type":"Person","@id":"https:\/\/expressionumea.se\/#\/schema\/person\/447f387dc1a31eefe29aad36b6535a5e","name":"Amanda Westin","image":{"@type":"ImageObject","inLanguage":"en-GB","@id":"https:\/\/secure.gravatar.com\/avatar\/37af2a7bf20d1aaaac0375ce58cb2263291586e86ef5592e05485e613e095908?s=96&d=mm&r=g","url":"https:\/\/secure.gravatar.com\/avatar\/37af2a7bf20d1aaaac0375ce58cb2263291586e86ef5592e05485e613e095908?s=96&d=mm&r=g","contentUrl":"https:\/\/secure.gravatar.com\/avatar\/37af2a7bf20d1aaaac0375ce58cb2263291586e86ef5592e05485e613e095908?s=96&d=mm&r=g","caption":"Amanda Westin"},"url":"https:\/\/expressionumea.se\/en\/author\/amanda-westin\/"}]}},"_links":{"self":[{"href":"https:\/\/expressionumea.se\/en\/wp-json\/wp\/v2\/posts\/26093","targetHints":{"allow":["GET"]}}],"collection":[{"href":"https:\/\/expressionumea.se\/en\/wp-json\/wp\/v2\/posts"}],"about":[{"href":"https:\/\/expressionumea.se\/en\/wp-json\/wp\/v2\/types\/post"}],"author":[{"embeddable":true,"href":"https:\/\/expressionumea.se\/en\/wp-json\/wp\/v2\/users\/3"}],"replies":[{"embeddable":true,"href":"https:\/\/expressionumea.se\/en\/wp-json\/wp\/v2\/comments?post=26093"}],"version-history":[{"count":4,"href":"https:\/\/expressionumea.se\/en\/wp-json\/wp\/v2\/posts\/26093\/revisions"}],"predecessor-version":[{"id":26137,"href":"https:\/\/expressionumea.se\/en\/wp-json\/wp\/v2\/posts\/26093\/revisions\/26137"}],"wp:featuredmedia":[{"embeddable":true,"href":"https:\/\/expressionumea.se\/en\/wp-json\/wp\/v2\/media\/26098"}],"wp:attachment":[{"href":"https:\/\/expressionumea.se\/en\/wp-json\/wp\/v2\/media?parent=26093"}],"wp:term":[{"taxonomy":"category","embeddable":true,"href":"https:\/\/expressionumea.se\/en\/wp-json\/wp\/v2\/categories?post=26093"},{"taxonomy":"post_tag","embeddable":true,"href":"https:\/\/expressionumea.se\/en\/wp-json\/wp\/v2\/tags?post=26093"},{"taxonomy":"eu-finansiering","embeddable":true,"href":"https:\/\/expressionumea.se\/en\/wp-json\/wp\/v2\/eu-finansiering?post=26093"},{"taxonomy":"artikeltyp","embeddable":true,"href":"https:\/\/expressionumea.se\/en\/wp-json\/wp\/v2\/artikeltyp?post=26093"}],"curies":[{"name":"wp","href":"https:\/\/api.w.org\/{rel}","templated":true}]}}